{"id":1793,"date":"2010-05-27T19:31:48","date_gmt":"2010-05-27T18:31:48","guid":{"rendered":"http:\/\/www.anthealein.de\/?p=1793"},"modified":"2010-05-27T19:31:48","modified_gmt":"2010-05-27T18:31:48","slug":"grummel-4","status":"publish","type":"post","link":"http:\/\/www.anthealein.de\/?p=1793","title":{"rendered":"*grummel*"},"content":{"rendered":"<p align=\"justify\">Jeden, ja wirklich JEDEN Tag versuch ich anst\u00e4ndige Bilder von den Kindern hinzubekommen und die beiden mal sch\u00f6n zusammen zu erwischen. Sitzen sie kuschelnd auf der Couch, kann ich sicher sein, das beide Bl\u00f6dsinn machen sobald ich die Kamera gez\u00fcckt habe. Heute nun beim Fototermin im Kindergarten: die liebsten M\u00e4dels \u00fcberhaupt. Arm in Arm, Lena auf Janas Scho\u00df, etc., etc\u2026 und das alles l\u00e4chelnd!!! *motz*. Ich hab Chris schon vorgewarnt, das er zum Aussuchen mit muss, weil ich sonst alles kaufen w\u00fcrde und dieses Jahr haben wir keine Set-Preise *seufz*<\/p>\n<p>To-Do-Liste der n\u00e4chsten Tage:    <br \/><strike>&#8211; Mittwoch: im Kiga aushelfen, Valeska kommt, irgendwann einkaufen<\/strike>     <br \/><strike>&#8211; Donnerstag: B\u00fccherei,<\/strike> Antr\u00e4ge per Hauspost ins Rathaus jagen<strike>, einkaufen, in den Kiga wegen Geschwisterfotos, Melanie und Ebba kommen      <br \/><\/strike>&#8211; Freitag: Rathaus (Lohnsteuerkarten \u00e4ndern, Antr\u00e4ge abgeben), Opa? Opa!, f\u00fcr mich: Essen mit den M\u00e4dels von Janas GVK \ud83d\ude42    <br \/>&#8211; Samstag: einkaufen, mit Jack und Jana Minigolf spielen <\/p>\n<p>N\u00e4chste Woche:    <br \/>&#8211; Montag: Tanzen f\u00fcr Jana     <br \/>&#8211; Dienstag: 15 Uhr Jessica     <br \/>&#8211; Mittwoch: 10 Uhr Eingew\u00f6hnung Susanne, meine Spritzen holen (da war ich gestern mit \u00fcbern\u00e4chster Woche auch falsch *g*).    <br \/>&#8211; Donnerstag: 16 Uhr Melanie und Ebba     <br \/>&#8211; Samstag: Auff\u00fchrung bei Dunse<\/p>\n<p align=\"center\"><a href=\"http:\/\/www.anthealein.de\/wp-content\/uploads\/2010\/05\/27052010.jpg\"><img loading=\"lazy\" decoding=\"async\" style=\"border-bottom: 0px; border-left: 0px; display: block; float: none; margin-left: auto; border-top: 0px; margin-right: auto; border-right: 0px\" title=\"27052010\" border=\"0\" alt=\"27052010\" src=\"http:\/\/www.anthealein.de\/wp-content\/uploads\/2010\/05\/27052010_thumb.jpg\" width=\"504\" height=\"504\" \/><\/a><\/p>\n<p align=\"center\">&#160;<\/p>\n<p align=\"center\"><a href=\"http:\/\/www.anthealein.de\/wp-content\/uploads\/2010\/05\/27052010II.jpg\"><img loading=\"lazy\" decoding=\"async\" style=\"border-bottom: 0px; border-left: 0px; display: block; float: none; margin-left: auto; border-top: 0px; margin-right: auto; border-right: 0px\" title=\"27052010II\" border=\"0\" alt=\"27052010II\" src=\"http:\/\/www.anthealein.de\/wp-content\/uploads\/2010\/05\/27052010II_thumb.jpg\" width=\"504\" height=\"504\" \/><\/a><\/p>\n<p align=\"center\">&#160;<\/p>\n<p align=\"center\"><a href=\"http:\/\/www.anthealein.de\/wp-content\/uploads\/2010\/05\/27052010III.jpg\"><img loading=\"lazy\" decoding=\"async\" style=\"border-bottom: 0px; border-left: 0px; display: block; float: none; margin-left: auto; border-top: 0px; margin-right: auto; border-right: 0px\" title=\"27052010III\" border=\"0\" alt=\"27052010III\" src=\"http:\/\/www.anthealein.de\/wp-content\/uploads\/2010\/05\/27052010III_thumb.jpg\" width=\"379\" height=\"504\" \/><\/a><\/p>\n","protected":false},"excerpt":{"rendered":"<p>Jeden, ja wirklich JEDEN Tag versuch ich anst\u00e4ndige Bilder von den Kindern hinzubekommen und die beiden mal sch\u00f6n zusammen zu erwischen. Sitzen sie kuschelnd auf der Couch, kann ich sicher sein, das beide Bl\u00f6dsinn machen sobald ich die Kamera gez\u00fcckt habe. Heute nun beim Fototermin im Kindergarten: die liebsten M\u00e4dels \u00fcberhaupt. Arm in Arm, Lena [&hellip;]<\/p>\n","protected":false},"author":1,"featured_media":0,"comment_status":"open","ping_status":"open","sticky":false,"template":"","format":"standard","meta":{"footnotes":""},"categories":[3],"tags":[],"class_list":["post-1793","post","type-post","status-publish","format-standard","hentry","category-alles-mogliche"],"_links":{"self":[{"href":"http:\/\/www.anthealein.de\/index.php?rest_route=\/wp\/v2\/posts\/1793","targetHints":{"allow":["GET"]}}],"collection":[{"href":"http:\/\/www.anthealein.de\/index.php?rest_route=\/wp\/v2\/posts"}],"about":[{"href":"http:\/\/www.anthealein.de\/index.php?rest_route=\/wp\/v2\/types\/post"}],"author":[{"embeddable":true,"href":"http:\/\/www.anthealein.de\/index.php?rest_route=\/wp\/v2\/users\/1"}],"replies":[{"embeddable":true,"href":"http:\/\/www.anthealein.de\/index.php?rest_route=%2Fwp%2Fv2%2Fcomments&post=1793"}],"version-history":[{"count":0,"href":"http:\/\/www.anthealein.de\/index.php?rest_route=\/wp\/v2\/posts\/1793\/revisions"}],"wp:attachment":[{"href":"http:\/\/www.anthealein.de\/index.php?rest_route=%2Fwp%2Fv2%2Fmedia&parent=1793"}],"wp:term":[{"taxonomy":"category","embeddable":true,"href":"http:\/\/www.anthealein.de\/index.php?rest_route=%2Fwp%2Fv2%2Fcategories&post=1793"},{"taxonomy":"post_tag","embeddable":true,"href":"http:\/\/www.anthealein.de\/index.php?rest_route=%2Fwp%2Fv2%2Ftags&post=1793"}],"curies":[{"name":"wp","href":"https:\/\/api.w.org\/{rel}","templated":true}]}}