{"id":1786,"date":"2010-05-26T19:59:24","date_gmt":"2010-05-26T18:59:24","guid":{"rendered":"http:\/\/www.anthealein.de\/?p=1786"},"modified":"2010-05-26T19:59:24","modified_gmt":"2010-05-26T18:59:24","slug":"36-tage-noch","status":"publish","type":"post","link":"http:\/\/www.anthealein.de\/?p=1786","title":{"rendered":"36 Tage noch&hellip;"},"content":{"rendered":"<p align=\"justify\">\u2026 dann geh\u00f6r ich wieder zur arbeitenden Bev\u00f6lkerung und Susanne darf sich mit der Meckerziege plagen *g*\u2026<\/p>\n<p align=\"justify\">Wobei sie heute Vormittag im Kindergarten vorbildlich war. Andrea und ich haben uns die Gelben geschnappt und sind mit ihnen raus gegangen. Ich hab mal wieder gemerkt: kein Beruf f\u00fcr mich \ud83d\ude42 Es ging aber wirklich, die jetzigen Gelben sind bis auf S. sehr pflegeleicht. B. hat mir alle paar Minuten Decken verkauft, K. kam mit dem Fahrrad alle paar Minuten \u201ctanken\u201d, Lena malte die Garagenwand mit Stra\u00dfenkreide an und B2, K2 und ein anderes Kinder dessen Namen ich mir noch nicht merken kann, spielten Kutschpferde und lie\u00dfen sich von Andrea durch die Gegend treiben. Und nach etwas \u00fcber einer Stunde durfte ich dann auch schon mit Lena nach oben entschwinden, damit sie ihren Mittagsschlaf halten konnte.<\/p>\n<p align=\"justify\">Meine Termine und ich brauchen dringend Sortierung. Vorhin erblickten meine Augen einen Zettel an der Kiga-T\u00fcr: am 7.6. ist Elternabend :shock_tb:. Irgendwie bekam mein Kopf die Termine dann komplett durcheinander und wollte die Elternabende n\u00e4chste Woche schon neben Jessica-Besuch, Tanzen, Schulbegleitung einbauen. :piebts:<\/p>\n<p>Richtig ist nat\u00fcrlich (bis jetzt): <\/p>\n<p>To-Do-Liste der n\u00e4chsten Tage:    <br \/><strike>&#8211; Mittwoch: im Kiga aushelfen, Valeska kommt, irgendwann einkaufen<\/strike>     <br \/>&#8211; Donnerstag: B\u00fccherei, Antr\u00e4ge per Hauspost ins Rathaus jagen, einkaufen, in den Kiga wegen Geschwisterfotos, Melanie und Ebba kommen     <br \/>&#8211; Freitag: Opa?     <br \/>&#8211; Samstag: einkaufen, mit Jack und Jana Minigolf spielen <\/p>\n<p>N\u00e4chste Woche:   <br \/>&#8211; Montag: Tanzen f\u00fcr Jana    <br \/>&#8211; Dienstag: 15 Uhr Jessica    <br \/>&#8211; Donnerstag: 16 Uhr Melanie und Ebba    <br \/>&#8211; Samstag: Auff\u00fchrung bei Dunse<\/p>\n<p>\u00dcbern\u00e4chste Woche:   <br \/>&#8211; Montag: morgens die Roten in die Schule begleiten, 20 Uhr Elternabend Kiga    <br \/>&#8211; Dienstag: mein Rezept besorgen, Elternabend in der Schule<\/p>\n<p align=\"center\"><a href=\"http:\/\/www.anthealein.de\/wp-content\/uploads\/2010\/05\/26052010.jpg\"><img loading=\"lazy\" decoding=\"async\" style=\"border-bottom: 0px; border-left: 0px; display: inline; border-top: 0px; border-right: 0px\" title=\"26052010\" border=\"0\" alt=\"26052010\" src=\"http:\/\/www.anthealein.de\/wp-content\/uploads\/2010\/05\/26052010_thumb.jpg\" width=\"504\" height=\"504\" \/><\/a><\/p>\n","protected":false},"excerpt":{"rendered":"<p>\u2026 dann geh\u00f6r ich wieder zur arbeitenden Bev\u00f6lkerung und Susanne darf sich mit der Meckerziege plagen *g*\u2026 Wobei sie heute Vormittag im Kindergarten vorbildlich war. Andrea und ich haben uns die Gelben geschnappt und sind mit ihnen raus gegangen. Ich hab mal wieder gemerkt: kein Beruf f\u00fcr mich \ud83d\ude42 Es ging aber wirklich, die jetzigen [&hellip;]<\/p>\n","protected":false},"author":1,"featured_media":0,"comment_status":"open","ping_status":"open","sticky":false,"template":"","format":"standard","meta":{"footnotes":""},"categories":[3],"tags":[],"class_list":["post-1786","post","type-post","status-publish","format-standard","hentry","category-alles-mogliche"],"_links":{"self":[{"href":"http:\/\/www.anthealein.de\/index.php?rest_route=\/wp\/v2\/posts\/1786","targetHints":{"allow":["GET"]}}],"collection":[{"href":"http:\/\/www.anthealein.de\/index.php?rest_route=\/wp\/v2\/posts"}],"about":[{"href":"http:\/\/www.anthealein.de\/index.php?rest_route=\/wp\/v2\/types\/post"}],"author":[{"embeddable":true,"href":"http:\/\/www.anthealein.de\/index.php?rest_route=\/wp\/v2\/users\/1"}],"replies":[{"embeddable":true,"href":"http:\/\/www.anthealein.de\/index.php?rest_route=%2Fwp%2Fv2%2Fcomments&post=1786"}],"version-history":[{"count":0,"href":"http:\/\/www.anthealein.de\/index.php?rest_route=\/wp\/v2\/posts\/1786\/revisions"}],"wp:attachment":[{"href":"http:\/\/www.anthealein.de\/index.php?rest_route=%2Fwp%2Fv2%2Fmedia&parent=1786"}],"wp:term":[{"taxonomy":"category","embeddable":true,"href":"http:\/\/www.anthealein.de\/index.php?rest_route=%2Fwp%2Fv2%2Fcategories&post=1786"},{"taxonomy":"post_tag","embeddable":true,"href":"http:\/\/www.anthealein.de\/index.php?rest_route=%2Fwp%2Fv2%2Ftags&post=1786"}],"curies":[{"name":"wp","href":"https:\/\/api.w.org\/{rel}","templated":true}]}}