{"id":17848,"date":"2016-05-14T20:10:56","date_gmt":"2016-05-14T19:10:56","guid":{"rendered":"http:\/\/www.anthealein.de\/?p=17848"},"modified":"2016-05-14T20:10:56","modified_gmt":"2016-05-14T19:10:56","slug":"ein-graues-haar-trller","status":"publish","type":"post","link":"http:\/\/www.anthealein.de\/?p=17848","title":{"rendered":"Ein graues Haar &hellip; *tr&auml;ller*"},"content":{"rendered":"<p>&#160;<\/p>\n<p align=\"justify\">Ein Jahr n\u00e4her an der Rente bin ich jetzt offiziell. Den Tag haben wir ganz ruhig verbracht. Einkauf, Friseur, in die Stadt spaziert und da es jetzt gerade an der T\u00fcr geklingelt hat, schauen wir mit einer Person mehr (Neffchen) den ESC an (bzw. lassen ihn nebenbei laufen). Morgen bin ich dann zum Fr\u00fchst\u00fcck mit einigen MSlerinnen verabredet.<\/p>\n<p align=\"justify\">&#160;<\/p>\n<p align=\"center\"><a href=\"http:\/\/www.anthealein.de\/wp-content\/uploads\/2016\/05\/14052016.jpg\"><img loading=\"lazy\" decoding=\"async\" title=\"14052016\" style=\"border-top: 0px; border-right: 0px; background-image: none; border-bottom: 0px; padding-top: 0px; padding-left: 0px; border-left: 0px; display: inline; padding-right: 0px\" border=\"0\" alt=\"14052016\" src=\"http:\/\/www.anthealein.de\/wp-content\/uploads\/2016\/05\/14052016_thumb.jpg\" width=\"404\" height=\"504\" \/><\/a>    <br \/>Streber *g*. F\u00fcr die Buchvorstellung gebastelt.<\/p>\n<p align=\"center\">&#160;<\/p>\n<p align=\"center\"><a href=\"http:\/\/www.anthealein.de\/wp-content\/uploads\/2016\/05\/14052016II.jpg\"><img loading=\"lazy\" decoding=\"async\" title=\"14052016II\" style=\"border-top: 0px; border-right: 0px; background-image: none; border-bottom: 0px; padding-top: 0px; padding-left: 0px; border-left: 0px; display: inline; padding-right: 0px\" border=\"0\" alt=\"14052016II\" src=\"http:\/\/www.anthealein.de\/wp-content\/uploads\/2016\/05\/14052016II_thumb.jpg\" width=\"504\" height=\"404\" \/><\/a>    <br \/>Vor ein paar Tagen wurde Chris von den Kindern dar\u00fcber informiert, das ich mir ein Weitwinkelobjektiv w\u00fcnschen w\u00fcrde und fragte mich, welches denn. Ich machte mich auf die Suche und stellte f\u00fcr mich schnell fest: ich bin nicht der Typ f\u00fcr Kameratasche, Objektivwechsel etc.. Also auf die M\u00f6glichkeit der Vorsatzobjektive gesto\u00dfen und f\u00fcr mich beschlossen: damit spiele ich erst mal eine Runde. Damit und mit ein paar anderen Filtern (UV, CPL, FLD). Wobei ich von dem Vorsatzobjektiv wohl eher die Makro-Funktion nutzen werde, die Weitwinkel-Funktion muss ich erst noch austesten.<\/p>\n<p align=\"center\">&#160;<\/p>\n<p align=\"center\"><a href=\"http:\/\/www.anthealein.de\/wp-content\/uploads\/2016\/05\/14052016III.jpg\"><img loading=\"lazy\" decoding=\"async\" title=\"14052016III\" style=\"border-top: 0px; border-right: 0px; background-image: none; border-bottom: 0px; padding-top: 0px; padding-left: 0px; border-left: 0px; display: inline; padding-right: 0px\" border=\"0\" alt=\"14052016III\" src=\"http:\/\/www.anthealein.de\/wp-content\/uploads\/2016\/05\/14052016III_thumb.jpg\" width=\"504\" height=\"404\" \/><\/a><\/p>\n<p align=\"center\">&#160;<\/p>\n<p align=\"center\"><a href=\"http:\/\/www.anthealein.de\/wp-content\/uploads\/2016\/05\/14052016IV.jpg\"><img loading=\"lazy\" decoding=\"async\" title=\"14052016IV\" style=\"border-top: 0px; border-right: 0px; background-image: none; border-bottom: 0px; padding-top: 0px; padding-left: 0px; border-left: 0px; display: inline; padding-right: 0px\" border=\"0\" alt=\"14052016IV\" src=\"http:\/\/www.anthealein.de\/wp-content\/uploads\/2016\/05\/14052016IV_thumb.jpg\" width=\"504\" height=\"404\" \/><\/a>    <br \/>Ich liebe Makro <img decoding=\"async\" class=\"wlEmoticon wlEmoticon-openmouthedsmile\" style=\"border-top-style: none; border-bottom-style: none; border-right-style: none; border-left-style: none\" alt=\"Smiley mit ge\u00f6ffnetem Mund\" src=\"http:\/\/www.anthealein.de\/wp-content\/uploads\/2016\/05\/wlEmoticon-openmouthedsmile-3.png\" \/><\/p>\n<p align=\"center\">&#160;<\/p>\n<p align=\"center\"><a href=\"http:\/\/www.anthealein.de\/wp-content\/uploads\/2016\/05\/14052016V.jpg\"><img loading=\"lazy\" decoding=\"async\" title=\"14052016V\" style=\"border-top: 0px; border-right: 0px; background-image: none; border-bottom: 0px; padding-top: 0px; padding-left: 0px; border-left: 0px; display: inline; padding-right: 0px\" border=\"0\" alt=\"14052016V\" src=\"http:\/\/www.anthealein.de\/wp-content\/uploads\/2016\/05\/14052016V_thumb.jpg\" width=\"504\" height=\"404\" \/><\/a>    <br \/>Handliches Spielzeug<\/p>\n<p align=\"center\">&#160;<\/p>\n<p align=\"center\"><a href=\"http:\/\/www.anthealein.de\/wp-content\/uploads\/2016\/05\/14052016VI.jpg\"><img loading=\"lazy\" decoding=\"async\" title=\"14052016VI\" style=\"border-top: 0px; border-right: 0px; background-image: none; border-bottom: 0px; padding-top: 0px; padding-left: 0px; border-left: 0px; display: inline; padding-right: 0px\" border=\"0\" alt=\"14052016VI\" src=\"http:\/\/www.anthealein.de\/wp-content\/uploads\/2016\/05\/14052016VI_thumb.jpg\" width=\"504\" height=\"404\" \/><\/a><\/p>\n<p align=\"center\">&#160;<\/p>\n<p align=\"center\"><a href=\"http:\/\/www.anthealein.de\/wp-content\/uploads\/2016\/05\/14052016VII.jpg\"><img loading=\"lazy\" decoding=\"async\" title=\"14052016VII\" style=\"border-top: 0px; border-right: 0px; background-image: none; border-bottom: 0px; padding-top: 0px; padding-left: 0px; border-left: 0px; display: inline; padding-right: 0px\" border=\"0\" alt=\"14052016VII\" src=\"http:\/\/www.anthealein.de\/wp-content\/uploads\/2016\/05\/14052016VII_thumb.jpg\" width=\"504\" height=\"504\" \/><\/a>    <br \/>Gaaaaaaaaanz selten gibt es mal ein Selfie <img decoding=\"async\" class=\"wlEmoticon wlEmoticon-winkingsmile\" style=\"border-top-style: none; border-bottom-style: none; border-right-style: none; border-left-style: none\" alt=\"Zwinkerndes Smiley\" src=\"http:\/\/www.anthealein.de\/wp-content\/uploads\/2016\/05\/wlEmoticon-winkingsmile-1.png\" \/>. Ich frag mich nur manchmal, was schiefer ist: mein Gesicht (dank dem Schub vorletztes Jahr) oder die Brille *g*.<\/p>\n","protected":false},"excerpt":{"rendered":"<p>&#160; Ein Jahr n\u00e4her an der Rente bin ich jetzt offiziell. Den Tag haben wir ganz ruhig verbracht. Einkauf, Friseur, in die Stadt spaziert und da es jetzt gerade an der T\u00fcr geklingelt hat, schauen wir mit einer Person mehr (Neffchen) den ESC an (bzw. lassen ihn nebenbei laufen). Morgen bin ich dann zum Fr\u00fchst\u00fcck [&hellip;]<\/p>\n","protected":false},"author":1,"featured_media":0,"comment_status":"open","ping_status":"open","sticky":false,"template":"","format":"standard","meta":{"footnotes":""},"categories":[3],"tags":[],"class_list":["post-17848","post","type-post","status-publish","format-standard","hentry","category-alles-mogliche"],"_links":{"self":[{"href":"http:\/\/www.anthealein.de\/index.php?rest_route=\/wp\/v2\/posts\/17848","targetHints":{"allow":["GET"]}}],"collection":[{"href":"http:\/\/www.anthealein.de\/index.php?rest_route=\/wp\/v2\/posts"}],"about":[{"href":"http:\/\/www.anthealein.de\/index.php?rest_route=\/wp\/v2\/types\/post"}],"author":[{"embeddable":true,"href":"http:\/\/www.anthealein.de\/index.php?rest_route=\/wp\/v2\/users\/1"}],"replies":[{"embeddable":true,"href":"http:\/\/www.anthealein.de\/index.php?rest_route=%2Fwp%2Fv2%2Fcomments&post=17848"}],"version-history":[{"count":1,"href":"http:\/\/www.anthealein.de\/index.php?rest_route=\/wp\/v2\/posts\/17848\/revisions"}],"predecessor-version":[{"id":17849,"href":"http:\/\/www.anthealein.de\/index.php?rest_route=\/wp\/v2\/posts\/17848\/revisions\/17849"}],"wp:attachment":[{"href":"http:\/\/www.anthealein.de\/index.php?rest_route=%2Fwp%2Fv2%2Fmedia&parent=17848"}],"wp:term":[{"taxonomy":"category","embeddable":true,"href":"http:\/\/www.anthealein.de\/index.php?rest_route=%2Fwp%2Fv2%2Fcategories&post=17848"},{"taxonomy":"post_tag","embeddable":true,"href":"http:\/\/www.anthealein.de\/index.php?rest_route=%2Fwp%2Fv2%2Ftags&post=17848"}],"curies":[{"name":"wp","href":"https:\/\/api.w.org\/{rel}","templated":true}]}}