{"id":1774,"date":"2010-05-24T20:39:33","date_gmt":"2010-05-24T19:39:33","guid":{"rendered":"http:\/\/www.anthealein.de\/?p=1774"},"modified":"2010-05-24T20:39:33","modified_gmt":"2010-05-24T19:39:33","slug":"back-to-the-roots","status":"publish","type":"post","link":"http:\/\/www.anthealein.de\/?p=1774","title":{"rendered":"Back to the roots"},"content":{"rendered":"<p align=\"justify\">Oder so \u00e4hnlich *g*\u2026 Nach dem kurzen Gastspiel von Vista hab ich heute Nachmittag dann doch wieder Windows 7 installiert und lustiger weise mag das jetzt auf einmal auch PSE 5. Also werd ich die n\u00e4chsten Tage wohl mal wieder scrappen, sofern Zeit daf\u00fcr ist. <\/p>\n<p align=\"justify\">Falls es morgen fr\u00fch nicht regnet, will ich gerne zu Fu\u00df mit Lena zu Susanne gehen. Lena bleibt dann auch das erste Mal alleine da, w\u00e4hrend ich schnell bei Netto um die Ecke einkaufen gehe. Und wenn wir dann Jana abgeholt haben, ist ein evtl. Besuch bei Jessica in Sande geplant, wo ich dann auch eine ehemalige Auszubildende wiedertreffen werde (Anke: Sandra, du erinnerst dich?), deren Kater ich fr\u00fcher immer in Pflege hatte. Ein hinrei\u00dfendes Tierchen, das ich am liebsten behalten h\u00e4tte *schnief*. Mittwoch kommt Valeska, Donnerstag Melanie und Ebba und Freitag mal sehen. Also mal wieder reichlich Betrieb die Woche. <\/p>\n<p align=\"justify\">Apropos Ebba: Lena bekommt ja immer die abgelegten Sachen von Ebba (die obwohl einen Monat j\u00fcnger immer eine Kleidergr\u00f6\u00dfe voraus ist) und seitdem sie das letzte Woche spitz bekommen hat, wird Anziehen zu einem \u201cEbba\u201d-Generve. Bei jedem Kleidungsst\u00fcck: \u201cEbba?\u201d, bei jedem L\u00e4tzchen: \u201cEbba?\u201d, sogar bei den Schuhen: \u201cEbba?\u201d. :shock_tb: Und Jana, die sich davon inspiriert f\u00fchlte, kam vorhin mit ihrem Block an und fragte mich, ob sie Ebbas Namen richtig geschrieben h\u00e4tte (sie \u00fcbt momentan Lesen und Schreiben): \u00c4ba. Gar nicht so falsch f\u00fcr den ungew\u00f6hnlichen Namen, finde ich. <\/p>\n<p align=\"justify\">Apropos (ich wiederhole mich) Lesen und Schreiben: wir haben endlich die Einladung zum Elternabend inkl. Materialliste und Wunschklassenkameradenzettel bekommen. Zum Elternabend darf man auch gleich 35 Euro f\u00fcr Unterrichtsmaterialien mitbringen (Deutsch), das war die schlechte Nachricht. Die gute Nachricht: B\u00fccher\/Arbeitshefte kosten uns nicht mal 30 Euro und die Materialliste h\u00e4lt sich auch in Grenzen. Bei uns MUSSTE es damals der F\u00fcller von Geha sein, der Tuschkasten von Pelikan, etc. Heutzutage ist die Liste moderater und bezahlbarer.<\/p>\n<p>F\u00fcr Walli hab ich mal wieder 2 Videos:<\/p>\n<div style=\"padding-bottom: 0px; padding-left: 0px; width: 425px; padding-right: 0px; display: block; float: none; margin-left: auto; margin-right: auto; padding-top: 0px\" id=\"scid:5737277B-5D6D-4f48-ABFC-DD9C333F4C5D:55779bc5-c5d5-4323-8413-c752da9fd9b7\" class=\"wlWriterEditableSmartContent\">\n<div><object width=\"425\" height=\"355\"><param name=\"movie\" value=\"http:\/\/www.youtube.com\/v\/grUJtzmHF98&amp;hl=en\"><\/param><embed src=\"http:\/\/www.youtube.com\/v\/grUJtzmHF98&amp;hl=en\" type=\"application\/x-shockwave-flash\" width=\"425\" height=\"355\"><\/embed><\/object><\/div>\n<\/div>\n<p>Zu Schade, das der Junge in ein paar Monate die Stimme verlieren wird. Und den fand ich auch gut:<\/p>\n<div style=\"padding-bottom: 0px; padding-left: 0px; width: 425px; padding-right: 0px; display: block; float: none; margin-left: auto; margin-right: auto; padding-top: 0px\" id=\"scid:5737277B-5D6D-4f48-ABFC-DD9C333F4C5D:8aba906c-13dd-4f2b-bab0-3d11e3ab2a1e\" class=\"wlWriterEditableSmartContent\">\n<div><object width=\"425\" height=\"355\"><param name=\"movie\" value=\"http:\/\/www.youtube.com\/v\/p8x45xqp2i0&amp;hl=en\"><\/param><embed src=\"http:\/\/www.youtube.com\/v\/p8x45xqp2i0&amp;hl=en\" type=\"application\/x-shockwave-flash\" width=\"425\" height=\"355\"><\/embed><\/object><\/div>\n<\/div>\n<p align=\"center\">&#160;<\/p>\n<p align=\"center\"><a href=\"http:\/\/www.anthealein.de\/wp-content\/uploads\/2010\/05\/24052010.jpg\"><img loading=\"lazy\" decoding=\"async\" style=\"border-bottom: 0px; border-left: 0px; display: inline; border-top: 0px; border-right: 0px\" title=\"24052010\" border=\"0\" alt=\"24052010\" src=\"http:\/\/www.anthealein.de\/wp-content\/uploads\/2010\/05\/24052010_thumb.jpg\" width=\"504\" height=\"504\" \/><\/a><\/p>\n","protected":false},"excerpt":{"rendered":"<p>Oder so \u00e4hnlich *g*\u2026 Nach dem kurzen Gastspiel von Vista hab ich heute Nachmittag dann doch wieder Windows 7 installiert und lustiger weise mag das jetzt auf einmal auch PSE 5. Also werd ich die n\u00e4chsten Tage wohl mal wieder scrappen, sofern Zeit daf\u00fcr ist. Falls es morgen fr\u00fch nicht regnet, will ich gerne zu [&hellip;]<\/p>\n","protected":false},"author":1,"featured_media":0,"comment_status":"open","ping_status":"open","sticky":false,"template":"","format":"standard","meta":{"footnotes":""},"categories":[3],"tags":[],"class_list":["post-1774","post","type-post","status-publish","format-standard","hentry","category-alles-mogliche"],"_links":{"self":[{"href":"http:\/\/www.anthealein.de\/index.php?rest_route=\/wp\/v2\/posts\/1774","targetHints":{"allow":["GET"]}}],"collection":[{"href":"http:\/\/www.anthealein.de\/index.php?rest_route=\/wp\/v2\/posts"}],"about":[{"href":"http:\/\/www.anthealein.de\/index.php?rest_route=\/wp\/v2\/types\/post"}],"author":[{"embeddable":true,"href":"http:\/\/www.anthealein.de\/index.php?rest_route=\/wp\/v2\/users\/1"}],"replies":[{"embeddable":true,"href":"http:\/\/www.anthealein.de\/index.php?rest_route=%2Fwp%2Fv2%2Fcomments&post=1774"}],"version-history":[{"count":0,"href":"http:\/\/www.anthealein.de\/index.php?rest_route=\/wp\/v2\/posts\/1774\/revisions"}],"wp:attachment":[{"href":"http:\/\/www.anthealein.de\/index.php?rest_route=%2Fwp%2Fv2%2Fmedia&parent=1774"}],"wp:term":[{"taxonomy":"category","embeddable":true,"href":"http:\/\/www.anthealein.de\/index.php?rest_route=%2Fwp%2Fv2%2Fcategories&post=1774"},{"taxonomy":"post_tag","embeddable":true,"href":"http:\/\/www.anthealein.de\/index.php?rest_route=%2Fwp%2Fv2%2Ftags&post=1774"}],"curies":[{"name":"wp","href":"https:\/\/api.w.org\/{rel}","templated":true}]}}