{"id":1760,"date":"2010-05-21T20:05:26","date_gmt":"2010-05-21T19:05:26","guid":{"rendered":"http:\/\/www.anthealein.de\/?p=1760"},"modified":"2010-05-22T19:24:08","modified_gmt":"2010-05-22T18:24:08","slug":"ist-lena-so-verfressen","status":"publish","type":"post","link":"http:\/\/www.anthealein.de\/?p=1760","title":{"rendered":"Ist Lena so verfressen,"},"content":{"rendered":"<p align=\"justify\">weil ich es in der Schwangerschaft war? Oder war ich so verfressen in der Schwangerschaft weil Lena es schon im Bauch war? Die Frage diskutier ich jedes Mal wieder mit Bine aus, wenn sie hier ist *g*. Und dabei war ich gar nicht sooooooooo schlimm in diesen 9 Monaten. Man durfte halt nur nichts in meiner N\u00e4he essen \ud83d\ude00 . <\/p>\n<p align=\"justify\">Und heute gab es da auch mal wieder einen guten konkreten Anlass zur Diskussion. Jana und Anna im Spielzimmer, Lena in ihrem Zimmer, Bine und ich im Wohnzimmer. Bine am telefonieren, also hab ich den S\u00fc\u00dfigkeitenschrank aufgemacht und mir eben ein Gummib\u00e4rchen gemopst. Kaum hatte ich den Schrank wieder zu, h\u00f6rte man aus Lenas Zimmer \u201cKiechs?\u201d und der Zwerg kam angeflitzt. Dazu sollte man sagen, das der Schrank von mir nicht zugeknallt wurde oder sowas und Lenas Zimmer am anderen Ende des langen, langen Flurs liegt :shock_tb: . <\/p>\n<p align=\"justify\">Der Wochenendeinkauf ist erledigt, der Vogel ausnahmsweise mal wieder in seinem K\u00e4fig, dem Besuch des Flohmarkts und anschlie\u00dfender Fahrt zu Ikea steht also nichts im Wege \ud83d\ude42<\/p>\n<p align=\"center\"><a href=\"http:\/\/www.anthealein.de\/wp-content\/uploads\/2010\/05\/21052010.jpg\"><img loading=\"lazy\" decoding=\"async\" style=\"border-right-width: 0px; display: inline; border-top-width: 0px; border-bottom-width: 0px; border-left-width: 0px\" title=\"21052010\" border=\"0\" alt=\"21052010\" src=\"http:\/\/www.anthealein.de\/wp-content\/uploads\/2010\/05\/21052010_thumb.jpg\" width=\"504\" height=\"504\" \/><\/a> <\/p>\n<p align=\"center\">&#160;<\/p>\n<p align=\"center\"><a href=\"http:\/\/www.anthealein.de\/wp-content\/uploads\/2010\/05\/21052010II.jpg\"><img loading=\"lazy\" decoding=\"async\" style=\"border-right-width: 0px; display: inline; border-top-width: 0px; border-bottom-width: 0px; border-left-width: 0px\" title=\"21052010II\" border=\"0\" alt=\"21052010II\" src=\"http:\/\/www.anthealein.de\/wp-content\/uploads\/2010\/05\/21052010II_thumb.jpg\" width=\"504\" height=\"504\" \/><\/a> <\/p>\n<p align=\"center\">&#160;<\/p>\n<p align=\"center\"><a href=\"http:\/\/www.anthealein.de\/wp-content\/uploads\/2010\/05\/21052010III.jpg\"><img loading=\"lazy\" decoding=\"async\" style=\"border-right-width: 0px; display: inline; border-top-width: 0px; border-bottom-width: 0px; border-left-width: 0px\" title=\"21052010III\" border=\"0\" alt=\"21052010III\" src=\"http:\/\/www.anthealein.de\/wp-content\/uploads\/2010\/05\/21052010III_thumb.jpg\" width=\"504\" height=\"504\" \/><\/a><\/p>\n","protected":false},"excerpt":{"rendered":"<p>weil ich es in der Schwangerschaft war? Oder war ich so verfressen in der Schwangerschaft weil Lena es schon im Bauch war? Die Frage diskutier ich jedes Mal wieder mit Bine aus, wenn sie hier ist *g*. Und dabei war ich gar nicht sooooooooo schlimm in diesen 9 Monaten. Man durfte halt nur nichts in [&hellip;]<\/p>\n","protected":false},"author":1,"featured_media":0,"comment_status":"open","ping_status":"open","sticky":false,"template":"","format":"standard","meta":{"footnotes":""},"categories":[3],"tags":[],"class_list":["post-1760","post","type-post","status-publish","format-standard","hentry","category-alles-mogliche"],"_links":{"self":[{"href":"http:\/\/www.anthealein.de\/index.php?rest_route=\/wp\/v2\/posts\/1760","targetHints":{"allow":["GET"]}}],"collection":[{"href":"http:\/\/www.anthealein.de\/index.php?rest_route=\/wp\/v2\/posts"}],"about":[{"href":"http:\/\/www.anthealein.de\/index.php?rest_route=\/wp\/v2\/types\/post"}],"author":[{"embeddable":true,"href":"http:\/\/www.anthealein.de\/index.php?rest_route=\/wp\/v2\/users\/1"}],"replies":[{"embeddable":true,"href":"http:\/\/www.anthealein.de\/index.php?rest_route=%2Fwp%2Fv2%2Fcomments&post=1760"}],"version-history":[{"count":1,"href":"http:\/\/www.anthealein.de\/index.php?rest_route=\/wp\/v2\/posts\/1760\/revisions"}],"predecessor-version":[{"id":1762,"href":"http:\/\/www.anthealein.de\/index.php?rest_route=\/wp\/v2\/posts\/1760\/revisions\/1762"}],"wp:attachment":[{"href":"http:\/\/www.anthealein.de\/index.php?rest_route=%2Fwp%2Fv2%2Fmedia&parent=1760"}],"wp:term":[{"taxonomy":"category","embeddable":true,"href":"http:\/\/www.anthealein.de\/index.php?rest_route=%2Fwp%2Fv2%2Fcategories&post=1760"},{"taxonomy":"post_tag","embeddable":true,"href":"http:\/\/www.anthealein.de\/index.php?rest_route=%2Fwp%2Fv2%2Ftags&post=1760"}],"curies":[{"name":"wp","href":"https:\/\/api.w.org\/{rel}","templated":true}]}}