{"id":17558,"date":"2016-04-10T21:38:09","date_gmt":"2016-04-10T20:38:09","guid":{"rendered":"http:\/\/www.anthealein.de\/?p=17558"},"modified":"2016-04-10T21:38:09","modified_gmt":"2016-04-10T20:38:09","slug":"morgen-11","status":"publish","type":"post","link":"http:\/\/www.anthealein.de\/?p=17558","title":{"rendered":"Morgen &hellip;"},"content":{"rendered":"<p>&#160;<\/p>\n<p align=\"justify\">\u2026 werde ich direkt los tigern d\u00fcrfen, wenn f\u00fcr das n\u00e4chste (und letzte) Konzert der Wise Guys der Kartenvorverkauf beginnt. Chris fand es gut, muss es aber nicht noch mal haben. Jana war begeistert und wollte schon zuk\u00fcnftige Weihnachts- und Geburtstagsgeschenke anbieten zum Tausch <img decoding=\"async\" class=\"wlEmoticon wlEmoticon-winkingsmile\" style=\"border-top-style: none; border-bottom-style: none; border-right-style: none; border-left-style: none\" alt=\"Zwinkerndes Smiley\" src=\"http:\/\/www.anthealein.de\/wp-content\/uploads\/2016\/04\/wlEmoticon-winkingsmile-2.png\" \/> . <\/p>\n<p align=\"justify\">Ansonsten war das Wochenende ruhig. Gestern gab es mal wieder ein Treffen der Facebook-MS-Selbsthilfegruppe. Da wir mittlerweile schon 4 Frauen aus Wilhelmshaven und Schortens sind, f\u00fchren wir n\u00e4chsten Monat auch einen \u201cStammtisch\u201d im kleineren Kreis ein. Wollten wir schon l\u00e4nger mal und ein paar aus dem etwas weiteren Umkreis (Aurich und co.) werden noch dazu sto\u00dfen. Gestern waren wir fast 40 Personen und sch\u00f6n war es, einige von letztem Jahr wieder zu sehen <img decoding=\"async\" class=\"wlEmoticon wlEmoticon-openmouthedsmile\" style=\"border-top-style: none; border-bottom-style: none; border-right-style: none; border-left-style: none\" alt=\"Smiley mit ge\u00f6ffnetem Mund\" src=\"http:\/\/www.anthealein.de\/wp-content\/uploads\/2016\/04\/wlEmoticon-openmouthedsmile.png\" \/>.<\/p>\n<p align=\"justify\">Heute morgen habe ich dann eine Freundin besucht und den Nachmittag haben wir alle so vor uns hin gefaulenzt. Jana hatte noch dazu heute eine Sondersendung im Radio zu den Wise Guys inkl. Telefoninterview mit einem von ihnen. Eigentlich wollten die drei Kinder der Radiosendung dann heute Abend noch ein Bild f\u00fcr die Vareler Sch\u00fclerzeitung (Sch\u00fclerfloh) gemacht haben mit der ganzen Gruppe, aber irgendwie haben sich die Kinder alle verlaufen und so sind wir schlie\u00dflich auch so gegangen. Vielleicht im n\u00e4chsten Jahr *g*.<\/p>\n<p align=\"justify\">&#160;<\/p>\n<p align=\"center\"><a href=\"http:\/\/www.anthealein.de\/wp-content\/uploads\/2016\/04\/10042016II.jpg\"><img loading=\"lazy\" decoding=\"async\" title=\"10042016II\" style=\"border-top: 0px; border-right: 0px; background-image: none; border-bottom: 0px; padding-top: 0px; padding-left: 0px; border-left: 0px; display: inline; padding-right: 0px\" border=\"0\" alt=\"10042016II\" src=\"http:\/\/www.anthealein.de\/wp-content\/uploads\/2016\/04\/10042016II_thumb.jpg\" width=\"504\" height=\"504\" \/><\/a><\/p>\n<p align=\"center\">&#160;<\/p>\n<p align=\"center\"><a href=\"http:\/\/www.anthealein.de\/wp-content\/uploads\/2016\/04\/10042016III.jpg\"><img loading=\"lazy\" decoding=\"async\" title=\"10042016III\" style=\"border-top: 0px; border-right: 0px; background-image: none; border-bottom: 0px; padding-top: 0px; padding-left: 0px; border-left: 0px; display: inline; padding-right: 0px\" border=\"0\" alt=\"10042016III\" src=\"http:\/\/www.anthealein.de\/wp-content\/uploads\/2016\/04\/10042016III_thumb.jpg\" width=\"504\" height=\"504\" \/><\/a><\/p>\n<p align=\"center\">&#160;<\/p>\n<p align=\"center\"><a href=\"http:\/\/www.anthealein.de\/wp-content\/uploads\/2016\/04\/10042016IV.jpg\"><img loading=\"lazy\" decoding=\"async\" title=\"10042016IV\" style=\"border-top: 0px; border-right: 0px; background-image: none; border-bottom: 0px; padding-top: 0px; padding-left: 0px; border-left: 0px; display: inline; padding-right: 0px\" border=\"0\" alt=\"10042016IV\" src=\"http:\/\/www.anthealein.de\/wp-content\/uploads\/2016\/04\/10042016IV_thumb.jpg\" width=\"504\" height=\"504\" \/><\/a><\/p>\n<p align=\"center\">&#160;<\/p>\n<p align=\"center\"><a href=\"http:\/\/www.anthealein.de\/wp-content\/uploads\/2016\/04\/10042016.jpg\"><img loading=\"lazy\" decoding=\"async\" title=\"10042016\" style=\"border-top: 0px; border-right: 0px; background-image: none; border-bottom: 0px; padding-top: 0px; padding-left: 0px; border-left: 0px; display: inline; padding-right: 0px\" border=\"0\" alt=\"10042016\" src=\"http:\/\/www.anthealein.de\/wp-content\/uploads\/2016\/04\/10042016_thumb.jpg\" width=\"504\" height=\"404\" \/><\/a><\/p>\n","protected":false},"excerpt":{"rendered":"<p>&#160; \u2026 werde ich direkt los tigern d\u00fcrfen, wenn f\u00fcr das n\u00e4chste (und letzte) Konzert der Wise Guys der Kartenvorverkauf beginnt. Chris fand es gut, muss es aber nicht noch mal haben. Jana war begeistert und wollte schon zuk\u00fcnftige Weihnachts- und Geburtstagsgeschenke anbieten zum Tausch . Ansonsten war das Wochenende ruhig. Gestern gab es mal [&hellip;]<\/p>\n","protected":false},"author":1,"featured_media":0,"comment_status":"open","ping_status":"open","sticky":false,"template":"","format":"standard","meta":{"footnotes":""},"categories":[3],"tags":[],"class_list":["post-17558","post","type-post","status-publish","format-standard","hentry","category-alles-mogliche"],"_links":{"self":[{"href":"http:\/\/www.anthealein.de\/index.php?rest_route=\/wp\/v2\/posts\/17558","targetHints":{"allow":["GET"]}}],"collection":[{"href":"http:\/\/www.anthealein.de\/index.php?rest_route=\/wp\/v2\/posts"}],"about":[{"href":"http:\/\/www.anthealein.de\/index.php?rest_route=\/wp\/v2\/types\/post"}],"author":[{"embeddable":true,"href":"http:\/\/www.anthealein.de\/index.php?rest_route=\/wp\/v2\/users\/1"}],"replies":[{"embeddable":true,"href":"http:\/\/www.anthealein.de\/index.php?rest_route=%2Fwp%2Fv2%2Fcomments&post=17558"}],"version-history":[{"count":1,"href":"http:\/\/www.anthealein.de\/index.php?rest_route=\/wp\/v2\/posts\/17558\/revisions"}],"predecessor-version":[{"id":17559,"href":"http:\/\/www.anthealein.de\/index.php?rest_route=\/wp\/v2\/posts\/17558\/revisions\/17559"}],"wp:attachment":[{"href":"http:\/\/www.anthealein.de\/index.php?rest_route=%2Fwp%2Fv2%2Fmedia&parent=17558"}],"wp:term":[{"taxonomy":"category","embeddable":true,"href":"http:\/\/www.anthealein.de\/index.php?rest_route=%2Fwp%2Fv2%2Fcategories&post=17558"},{"taxonomy":"post_tag","embeddable":true,"href":"http:\/\/www.anthealein.de\/index.php?rest_route=%2Fwp%2Fv2%2Ftags&post=17558"}],"curies":[{"name":"wp","href":"https:\/\/api.w.org\/{rel}","templated":true}]}}