{"id":17060,"date":"2016-01-25T21:51:00","date_gmt":"2016-01-25T19:51:00","guid":{"rendered":"http:\/\/www.anthealein.de\/?p=17060"},"modified":"2016-01-25T21:51:00","modified_gmt":"2016-01-25T19:51:00","slug":"geburtstage","status":"publish","type":"post","link":"http:\/\/www.anthealein.de\/?p=17060","title":{"rendered":"Geburtstage &hellip;"},"content":{"rendered":"<p>&#160;<\/p>\n<p align=\"justify\">\u2026 vergesse ich ja gerne mal. Auch meinen eigenen, weshalb man mir das eigentlich nicht \u00fcbel nehmen darf. Was Bine heute auch nicht tat. Die nat\u00fcrlich NICHT \u00fcbermorgen Geburtstag hat, sondern heute schon dran war. Raus ger\u00fcckt ist sie damit aber auch erst nach dem Fr\u00fchst\u00fcck und nachdem ich schon min. eine Stunde Baby und Katze gekuschelt hatte. Also noch mal: herzlichen Gl\u00fcckwunsch Bine :herz: .<\/p>\n<p align=\"justify\">&#160;<\/p>\n<p align=\"center\"><a href=\"http:\/\/www.anthealein.de\/wp-content\/uploads\/2016\/01\/25012016.jpg\"><img loading=\"lazy\" decoding=\"async\" title=\"25012016\" style=\"border-top: 0px; border-right: 0px; background-image: none; border-bottom: 0px; padding-top: 0px; padding-left: 0px; border-left: 0px; display: inline; padding-right: 0px\" border=\"0\" alt=\"25012016\" src=\"http:\/\/www.anthealein.de\/wp-content\/uploads\/2016\/01\/25012016_thumb.jpg\" width=\"504\" height=\"404\" \/><\/a><\/p>\n<p align=\"center\">&#160;<\/p>\n<p align=\"center\"><a href=\"http:\/\/www.anthealein.de\/wp-content\/uploads\/2016\/01\/25012016II.jpg\"><img loading=\"lazy\" decoding=\"async\" title=\"25012016II\" style=\"border-top: 0px; border-right: 0px; background-image: none; border-bottom: 0px; padding-top: 0px; padding-left: 0px; border-left: 0px; display: inline; padding-right: 0px\" border=\"0\" alt=\"25012016II\" src=\"http:\/\/www.anthealein.de\/wp-content\/uploads\/2016\/01\/25012016II_thumb.jpg\" width=\"504\" height=\"504\" \/><\/a>    <br \/>In Null-Komma-Nix von Winter auf Fr\u00fchling. Verr\u00fccktes Wetter.<\/p>\n<p align=\"center\">&#160;<\/p>\n<p align=\"center\"><a href=\"http:\/\/www.anthealein.de\/wp-content\/uploads\/2016\/01\/25012016IV.jpg\"><img loading=\"lazy\" decoding=\"async\" title=\"25012016IV\" style=\"border-top: 0px; border-right: 0px; background-image: none; border-bottom: 0px; padding-top: 0px; padding-left: 0px; border-left: 0px; display: inline; padding-right: 0px\" border=\"0\" alt=\"25012016IV\" src=\"http:\/\/www.anthealein.de\/wp-content\/uploads\/2016\/01\/25012016IV_thumb.jpg\" width=\"504\" height=\"504\" \/><\/a>    <br \/>Kinder sind aber anpassungsf\u00e4hig. Und so wurde heute schon ganz fix mit dem angesammelten Wasser auf der Bierzeltgarnitur rumgesaut. Ich glaube, die Schneeschippe neben Jana kann wieder weg.<\/p>\n<p align=\"center\">&#160;<\/p>\n<p align=\"center\"><a href=\"http:\/\/www.anthealein.de\/wp-content\/uploads\/2016\/01\/25012016III.jpg\"><img loading=\"lazy\" decoding=\"async\" title=\"25012016III\" style=\"border-top: 0px; border-right: 0px; background-image: none; border-bottom: 0px; padding-top: 0px; padding-left: 0px; border-left: 0px; display: inline; padding-right: 0px\" border=\"0\" alt=\"25012016III\" src=\"http:\/\/www.anthealein.de\/wp-content\/uploads\/2016\/01\/25012016III_thumb.jpg\" width=\"504\" height=\"504\" \/><\/a>    <br \/>Ob da wohl irgendwann mal wieder Z\u00e4hne wachsen?<\/p>\n","protected":false},"excerpt":{"rendered":"<p>&#160; \u2026 vergesse ich ja gerne mal. Auch meinen eigenen, weshalb man mir das eigentlich nicht \u00fcbel nehmen darf. Was Bine heute auch nicht tat. Die nat\u00fcrlich NICHT \u00fcbermorgen Geburtstag hat, sondern heute schon dran war. Raus ger\u00fcckt ist sie damit aber auch erst nach dem Fr\u00fchst\u00fcck und nachdem ich schon min. eine Stunde Baby [&hellip;]<\/p>\n","protected":false},"author":1,"featured_media":0,"comment_status":"open","ping_status":"open","sticky":false,"template":"","format":"standard","meta":{"footnotes":""},"categories":[3],"tags":[],"class_list":["post-17060","post","type-post","status-publish","format-standard","hentry","category-alles-mogliche"],"_links":{"self":[{"href":"http:\/\/www.anthealein.de\/index.php?rest_route=\/wp\/v2\/posts\/17060","targetHints":{"allow":["GET"]}}],"collection":[{"href":"http:\/\/www.anthealein.de\/index.php?rest_route=\/wp\/v2\/posts"}],"about":[{"href":"http:\/\/www.anthealein.de\/index.php?rest_route=\/wp\/v2\/types\/post"}],"author":[{"embeddable":true,"href":"http:\/\/www.anthealein.de\/index.php?rest_route=\/wp\/v2\/users\/1"}],"replies":[{"embeddable":true,"href":"http:\/\/www.anthealein.de\/index.php?rest_route=%2Fwp%2Fv2%2Fcomments&post=17060"}],"version-history":[{"count":1,"href":"http:\/\/www.anthealein.de\/index.php?rest_route=\/wp\/v2\/posts\/17060\/revisions"}],"predecessor-version":[{"id":17061,"href":"http:\/\/www.anthealein.de\/index.php?rest_route=\/wp\/v2\/posts\/17060\/revisions\/17061"}],"wp:attachment":[{"href":"http:\/\/www.anthealein.de\/index.php?rest_route=%2Fwp%2Fv2%2Fmedia&parent=17060"}],"wp:term":[{"taxonomy":"category","embeddable":true,"href":"http:\/\/www.anthealein.de\/index.php?rest_route=%2Fwp%2Fv2%2Fcategories&post=17060"},{"taxonomy":"post_tag","embeddable":true,"href":"http:\/\/www.anthealein.de\/index.php?rest_route=%2Fwp%2Fv2%2Ftags&post=17060"}],"curies":[{"name":"wp","href":"https:\/\/api.w.org\/{rel}","templated":true}]}}