{"id":1700,"date":"2010-05-13T20:33:45","date_gmt":"2010-05-13T19:33:45","guid":{"rendered":"http:\/\/www.anthealein.de\/?p=1700"},"modified":"2010-05-13T20:33:45","modified_gmt":"2010-05-13T19:33:45","slug":"so-ein-tag-trller","status":"publish","type":"post","link":"http:\/\/www.anthealein.de\/?p=1700","title":{"rendered":"So ein Tag&hellip; *tr&auml;ller*"},"content":{"rendered":"<p>&#8211; Irgendwann: B\u00fccherei, Playmobil (Juhu, Platz unter Janas Bett ist schon geschaffen), immer noch Antr\u00e4ge    <br \/><strike>&#8211; Montag: Hausarzt, Jana mit Lena bei Anne abholen und die Eingew\u00f6hnung damit beginnen, putzen      <br \/>&#8211; Dienstag: Stadt, Anne kommt, unangenehme Pflicht erledigen<\/strike>&#160; <br \/><strike>&#8211; Mittwoch: Einkaufen!!! (gaaaaaanz wichtig), den heute bei Ebay ersteigerten Vogelk\u00e4fig (knapp 6 Euro *freu*) abholen,<\/strike>     <br \/><strike>&#8211; Donnerstag: Schwimmen gehen, Zirkus (der um 16 Uhr statt um 19 Uhr heute Vorstellung hatte), McDoof, Lisbeth begr\u00fc\u00dfen     <br \/><\/strike>&#8211; Freitag: (mich von Oma telefonisch wecken lassen *g*)&#160; noch Reste einkaufen (Chips, Getr\u00e4nke und co.), putzen (ganz wichtig!!!), backen (?), kochen, eine Rose an Janas Vorhang reparieren, Diane anrufen, feiern \ud83d\ude00 <\/p>\n<p align=\"justify\">Manche Tage sind doch einfach zu sch\u00f6n. Wir M\u00e4dels haben heute gut gelaunt den Tag eingel\u00e4utet, nachdem Lena die Nacht wunderbar durchgeschlafen hat. Das erste Mal wurde ich heute morgen angetippt mit: \u201cMamaaaaaaaa, es ist 6-4-5\u201d, ich hab kurz um Gnade gefleht und das n\u00e4chste Mal kam dann \u201cMamaaaaa, jetzt ist es schon 7-1-2\u201d. Es folgte \u201c7-2-5\u201d, das ich gnadenlos abgeschmettert habe, weil ich schon um 7-1-2 verk\u00fcndet habe, das ich bis 7-3-0 schlafen m\u00f6chte. Eigentlich ein Fehler, weil 7-3-0 nat\u00fcrlich prompt geliefert wurde, als ich gerade wieder eingeschlafen war. Aber: 7-3-0 hatte ich gesagt, also musste ich auch raus aus dem warmen Bett. Ich mich gut gelaunt angezogen, Jana ebenso gut gelaunt und freiwillig auch und w\u00e4hrend sie eben noch kurz Fernsehen schauen durfte, hab ich schon den Tisch gedeckt und die mittlerweile auch gut gelaunt erwachte Lena ohne Gebr\u00fcll ihrerseits angezogen. Br\u00f6tchen in den Ofen, Eier in den Eierkocher und dann durften die Zwerge um 8-4-6 endlich, endlich das Schlafzimmer st\u00fcrmen und Papa wecken \ud83d\ude00<\/p>\n<p align=\"justify\">Da Lena relativ fr\u00fch wieder schlafen wollte, sind wir erst um kurz vor 12 Uhr in Richtung Schwimmbad aufgebrochen. Ich war ja schon 6 Jahre nicht mehr schwimmen, aber nett war es. Wieder zu Hause haben wir schnell Mittag gegessen (und ich eine Waschmaschine angestellt) und dann sind Jana und ich zum Zirkus aufgebrochen. Ein kleiner Familienzirkus, nur 14 Euro Eintritt f\u00fcr uns beide zusammen, aber total sch\u00f6ne Vorstellung. Den Zirkus kann ich nur empfehlen. Jetzt nichts gro\u00dfartig Besonderes: Jongleur, Seiltanz, Pferde, Kamele, Hula Hoop-Reifen, Seilakrobatik, so was halt. Aber das toll ausgef\u00fchrt und einfach sch\u00f6n. Ich war ja schon seit \u00fcber 20 Jahren nicht mehr im Zirkus, seitdem ich damals mit Mama in einem gro\u00dfen Zirkus war, der zwar eine gro\u00dfe Vielfalt an Nummern hatte&#160; die aber alle schlampig ausgef\u00fchrt waren. Da fand ich den heute um L\u00e4ngen besser. \ud83d\ude00 <\/p>\n<p align=\"justify\">Und weil der Zirkus eigentlich viel zu billig war haben Jana und ich beschlossen, nicht bei Mc zu essen, sondern f\u00fcr alle dort was rauszuholen und mit nach Hause zu nehmen. Nett, gelle? Dort erwartete uns schon Lisbeth, die erst mal ausgiebigst geknuddelt wurde. Und jetzt liegen beide Kinder gut gelaunt in ihren Betten *freu*<\/p>\n<p align=\"center\"><a href=\"http:\/\/www.anthealein.de\/wp-content\/uploads\/2010\/05\/13052010.jpg\"><img loading=\"lazy\" decoding=\"async\" style=\"border-bottom: 0px; border-left: 0px; display: inline; border-top: 0px; border-right: 0px\" title=\"13052010\" border=\"0\" alt=\"13052010\" src=\"http:\/\/www.anthealein.de\/wp-content\/uploads\/2010\/05\/13052010_thumb.jpg\" width=\"504\" height=\"504\" \/><\/a>     <br \/>Jana wollte gerne das helle Kamel mit nach Hause nehmen \ud83d\ude42<\/p>\n<p align=\"center\">&#160;<\/p>\n<p align=\"center\"><a href=\"http:\/\/www.anthealein.de\/wp-content\/uploads\/2010\/05\/13052010II.jpg\"><img loading=\"lazy\" decoding=\"async\" style=\"border-bottom: 0px; border-left: 0px; display: inline; border-top: 0px; border-right: 0px\" title=\"13052010II\" border=\"0\" alt=\"13052010II\" src=\"http:\/\/www.anthealein.de\/wp-content\/uploads\/2010\/05\/13052010II_thumb.jpg\" width=\"504\" height=\"504\" \/><\/a><\/p>\n","protected":false},"excerpt":{"rendered":"<p>&#8211; Irgendwann: B\u00fccherei, Playmobil (Juhu, Platz unter Janas Bett ist schon geschaffen), immer noch Antr\u00e4ge &#8211; Montag: Hausarzt, Jana mit Lena bei Anne abholen und die Eingew\u00f6hnung damit beginnen, putzen &#8211; Dienstag: Stadt, Anne kommt, unangenehme Pflicht erledigen&#160; &#8211; Mittwoch: Einkaufen!!! (gaaaaaanz wichtig), den heute bei Ebay ersteigerten Vogelk\u00e4fig (knapp 6 Euro *freu*) abholen, &#8211; [&hellip;]<\/p>\n","protected":false},"author":1,"featured_media":0,"comment_status":"open","ping_status":"open","sticky":false,"template":"","format":"standard","meta":{"footnotes":""},"categories":[3],"tags":[],"class_list":["post-1700","post","type-post","status-publish","format-standard","hentry","category-alles-mogliche"],"_links":{"self":[{"href":"http:\/\/www.anthealein.de\/index.php?rest_route=\/wp\/v2\/posts\/1700","targetHints":{"allow":["GET"]}}],"collection":[{"href":"http:\/\/www.anthealein.de\/index.php?rest_route=\/wp\/v2\/posts"}],"about":[{"href":"http:\/\/www.anthealein.de\/index.php?rest_route=\/wp\/v2\/types\/post"}],"author":[{"embeddable":true,"href":"http:\/\/www.anthealein.de\/index.php?rest_route=\/wp\/v2\/users\/1"}],"replies":[{"embeddable":true,"href":"http:\/\/www.anthealein.de\/index.php?rest_route=%2Fwp%2Fv2%2Fcomments&post=1700"}],"version-history":[{"count":0,"href":"http:\/\/www.anthealein.de\/index.php?rest_route=\/wp\/v2\/posts\/1700\/revisions"}],"wp:attachment":[{"href":"http:\/\/www.anthealein.de\/index.php?rest_route=%2Fwp%2Fv2%2Fmedia&parent=1700"}],"wp:term":[{"taxonomy":"category","embeddable":true,"href":"http:\/\/www.anthealein.de\/index.php?rest_route=%2Fwp%2Fv2%2Fcategories&post=1700"},{"taxonomy":"post_tag","embeddable":true,"href":"http:\/\/www.anthealein.de\/index.php?rest_route=%2Fwp%2Fv2%2Ftags&post=1700"}],"curies":[{"name":"wp","href":"https:\/\/api.w.org\/{rel}","templated":true}]}}