{"id":1695,"date":"2010-05-12T20:31:23","date_gmt":"2010-05-12T19:31:23","guid":{"rendered":"http:\/\/www.anthealein.de\/?p=1695"},"modified":"2010-05-12T20:31:23","modified_gmt":"2010-05-12T19:31:23","slug":"isch-abe-keine-einkaufsliste","status":"publish","type":"post","link":"http:\/\/www.anthealein.de\/?p=1695","title":{"rendered":"Isch &lsquo;abe keine Einkaufsliste&hellip;"},"content":{"rendered":"<p align=\"justify\">Oder so h\u00e4tte mein Motto des heutigen Tages lauten k\u00f6nnen. Organisieren? Wozu? <\/p>\n<p align=\"justify\">Na ok, theoretisch hatte ich eine Einkaufsliste. Aber da die L\u00e4den sooooo voll waren (haben wir morgen Ostern, Weihnachten und Neujahr in einem?), hab ich in dem einen Laden nur die H\u00e4lfte von meiner Liste bekommen, daf\u00fcr aber Sachen gefunden die ich gar nicht haben wollte etc.. Irgendwann bin ich genervt mit Lena nach Hause gefahren und hab die erste Ladung die Treppen hochgeschleppt, hier ein wenig gewerkelt und Lena verflucht weil sie \u2013 im Gegensatz zu gestern \u2013 nicht schlafen wollte. *grummel*<\/p>\n<p align=\"justify\">Mittags dann Jana abgeholt und mit ihr noch mal los. Bei Takko rein auf der Suche nach einem Badeanzug (die wollen morgen schwimmen gehen und mein Badeanzug ist 4 Nummern zu gr0\u00df, mein Bikini sogar 6 Nummern): n\u00fcscht. Bei Deichmann rein auf der Suche nach Schuhen f\u00fcr Jana: Erfolg. Dann zu Combi: in der Tchibo-Ecke Badeanzug mitgenommen und den Einkaufskorb noch mal bis oben hin voll gemacht. Dann noch mal zu Lidl (ich h\u00e4tte morgens die Einkaufsliste genauer anschauen sollen) und dann waren wir immer noch zu fr\u00fch f\u00fcr den Vogelk\u00e4fig, aber da Lena gerade so sch\u00f6n schlief haben wir die Chance genutzt und sind bei McDrive vorbei. H\u00e4tten wir nicht tun soll. Lena ist ein Tyrannosaurus was Essen angeht: NICHTS hat ihr dann im Weg zu stehen und auch der Schlaf ist schnell vergessen, wenn ihre Nase Pommes wittert. Zu dumm nur, das nur noch 2 davon da waren und sie auch den Milchshake nicht alleine halten durfte (sie kippt sich den sonst gnadenlos \u00fcber die Jacke etc.). Die arme Jana musste das Gebr\u00fcll ertragen, w\u00e4hrend ich den Vogelk\u00e4fig abholte und mit Sack und Pack nach Hause fuhr. <\/p>\n<p align=\"justify\">Und da zeigte es sich auch mal wieder: ich hab Schwiepaps gleich 2x im Haus :shock_tb: . Chris muss ja nun mal mit erziehen, der ist eher in anderen Dingen wie Siggi,&#160; aber Jana spulte gnadenlos das \u201cOpa-Beruhigungs-Programm\u201d ab, um das Prinzesschen auf der Erbse (Tyrannosaurus) zufrieden zu stellen und: rannte gnadenlos gegen die Wand *g*. Da flog der Milchshake in hohem Bogen durchs Auto, gefolgt von s\u00e4mtlichen Trinkflaschen, Schnullern, Kindergartentaschen und sogar Hasi wurde wutentbrannt weggepfeffert. <\/p>\n<p align=\"justify\">Nu hat Pieper also ein neues Zuhause, ich hab morgen Muskelkater (2x Einkauf, 2x Lena, 1x Cola und Apfelsaft hochgehechelt) und hier ist Ruhe eingekehrt. Zirkus hab ich auf morgen verlegt. Ich werd mir morgen Abend gegen 17.30 Uhr Jana schnappen, mit ihr zu Mc fahren und danach in den Zirkus gehen. Morgen also h\u00f6chstwahrscheinlich nur Bildchen hier und erst seeeeeeeeehr sp\u00e4t \ud83d\ude42<\/p>\n<p>&#8211; Irgendwann: B\u00fccherei, Playmobil, immer noch Antr\u00e4ge    <br \/><strike>&#8211; Montag: Hausarzt, Jana mit Lena bei Anne abholen und die Eingew\u00f6hnung damit beginnen, putzen      <br \/>&#8211; Dienstag: Stadt, Anne kommt, unangenehme Pflicht erledigen<\/strike>&#160; <br \/><strike>&#8211; Mittwoch: Einkaufen!!! (gaaaaaanz wichtig), den heute bei Ebay ersteigerten Vogelk\u00e4fig (knapp 6 Euro *freu*) abholen,<\/strike>     <br \/>&#8211; Donnerstag: noch n\u00fcscht au\u00dfer Elisabeth zu begr\u00fc\u00dfen, Jana \u00fcberraschen und mit ihr in den Zirkus gehen&#160;&#160; <br \/>&#8211; Freitag: (mich von Oma telefonisch wecken lassen *g*)&#160; noch Reste einkaufen (Chips, Getr\u00e4nke und co.), feiern \ud83d\ude00 <\/p>\n<p align=\"center\"><a href=\"http:\/\/www.anthealein.de\/wp-content\/uploads\/2010\/05\/12052010.jpg\"><img loading=\"lazy\" decoding=\"async\" style=\"border-bottom: 0px; border-left: 0px; display: inline; border-top: 0px; border-right: 0px\" title=\"12052010\" border=\"0\" alt=\"12052010\" src=\"http:\/\/www.anthealein.de\/wp-content\/uploads\/2010\/05\/12052010_thumb.jpg\" width=\"504\" height=\"504\" \/><\/a> <\/p>\n<p align=\"center\">&#160;<\/p>\n<p align=\"center\"><a href=\"http:\/\/www.anthealein.de\/wp-content\/uploads\/2010\/05\/12052010II.jpg\"><img loading=\"lazy\" decoding=\"async\" style=\"border-bottom: 0px; border-left: 0px; display: inline; border-top: 0px; border-right: 0px\" title=\"12052010II\" border=\"0\" alt=\"12052010II\" src=\"http:\/\/www.anthealein.de\/wp-content\/uploads\/2010\/05\/12052010II_thumb.jpg\" width=\"504\" height=\"504\" \/><\/a> <\/p>\n<p align=\"left\">P.S.: Da fragt mich Jana doch heute glatt in Gegenwart von Lena, seit wann die denn \u201cSch\u2026sse\u201d sagen k\u00f6nne :shock_tb: JETZT kann Lena das Wort auch richtig *seufz*.<\/p>\n","protected":false},"excerpt":{"rendered":"<p>Oder so h\u00e4tte mein Motto des heutigen Tages lauten k\u00f6nnen. Organisieren? Wozu? Na ok, theoretisch hatte ich eine Einkaufsliste. Aber da die L\u00e4den sooooo voll waren (haben wir morgen Ostern, Weihnachten und Neujahr in einem?), hab ich in dem einen Laden nur die H\u00e4lfte von meiner Liste bekommen, daf\u00fcr aber Sachen gefunden die ich gar [&hellip;]<\/p>\n","protected":false},"author":1,"featured_media":0,"comment_status":"open","ping_status":"open","sticky":false,"template":"","format":"standard","meta":{"footnotes":""},"categories":[3],"tags":[],"class_list":["post-1695","post","type-post","status-publish","format-standard","hentry","category-alles-mogliche"],"_links":{"self":[{"href":"http:\/\/www.anthealein.de\/index.php?rest_route=\/wp\/v2\/posts\/1695","targetHints":{"allow":["GET"]}}],"collection":[{"href":"http:\/\/www.anthealein.de\/index.php?rest_route=\/wp\/v2\/posts"}],"about":[{"href":"http:\/\/www.anthealein.de\/index.php?rest_route=\/wp\/v2\/types\/post"}],"author":[{"embeddable":true,"href":"http:\/\/www.anthealein.de\/index.php?rest_route=\/wp\/v2\/users\/1"}],"replies":[{"embeddable":true,"href":"http:\/\/www.anthealein.de\/index.php?rest_route=%2Fwp%2Fv2%2Fcomments&post=1695"}],"version-history":[{"count":0,"href":"http:\/\/www.anthealein.de\/index.php?rest_route=\/wp\/v2\/posts\/1695\/revisions"}],"wp:attachment":[{"href":"http:\/\/www.anthealein.de\/index.php?rest_route=%2Fwp%2Fv2%2Fmedia&parent=1695"}],"wp:term":[{"taxonomy":"category","embeddable":true,"href":"http:\/\/www.anthealein.de\/index.php?rest_route=%2Fwp%2Fv2%2Fcategories&post=1695"},{"taxonomy":"post_tag","embeddable":true,"href":"http:\/\/www.anthealein.de\/index.php?rest_route=%2Fwp%2Fv2%2Ftags&post=1695"}],"curies":[{"name":"wp","href":"https:\/\/api.w.org\/{rel}","templated":true}]}}