{"id":1690,"date":"2010-05-11T21:20:00","date_gmt":"2010-05-11T20:20:00","guid":{"rendered":"http:\/\/www.anthealein.de\/?p=1690"},"modified":"2010-05-11T21:20:00","modified_gmt":"2010-05-11T20:20:00","slug":"mag-jemand-den-einkauf-fr-mich-machen","status":"publish","type":"post","link":"http:\/\/www.anthealein.de\/?p=1690","title":{"rendered":"Mag jemand den Einkauf f&uuml;r mich machen?"},"content":{"rendered":"<p align=\"justify\">Ich hab so gaaaaaaaaaaar keine Lust darauf. Ich mag ja noch nicht mal meine Einkaufsliste schreiben *grummel*. Aber mittlerweile tendiere ich dazu, morgen nur Lidl zu st\u00fcrmen und evtl. noch Aldi und den Getr\u00e4nkemarkt und nicht die Gro\u00dfeinkaufstour zu machen. Ich MUSS ja schlie\u00dflich nur f\u00fcr Donnerstag und Freitag einkaufen und nicht f\u00fcr die ganze Woche *gr\u00fcbel*. Und was f\u00fcr einen Kuchen backe ich f\u00fcr Freitag? Jemand eine Idee?<\/p>\n<p align=\"justify\">&#8211; Irgendwann: B\u00fccherei, Playmobil, immer noch Antr\u00e4ge    <br \/><strike>&#8211; Montag: Hausarzt, Jana mit Lena bei Anne abholen und die Eingew\u00f6hnung damit beginnen, putzen      <br \/>&#8211; Dienstag: Stadt, Anne kommt, unangenehme Pflicht erledigen<\/strike>&#160; <br \/>&#8211; Mittwoch: Einkaufen!!! (gaaaaaanz wichtig), den heute bei Ebay ersteigerten Vogelk\u00e4fig (knapp 6 Euro *freu*) abholen, vielleicht Jana \u00fcberraschen und mit ihr in den Zirkus gehen     <br \/>&#8211; Donnerstag: noch n\u00fcscht au\u00dfer Elisabeth zu begr\u00fc\u00dfen     <br \/>&#8211; Freitag: (mich von Oma telefonisch wecken lassen *g*) evtl. noch Reste einkaufen, feiern \ud83d\ude00 <\/p>\n<p align=\"justify\">Heute war ein Tag der Merkw\u00fcrdigkeiten. Ich durfte ausschlafen bis Chris das Haus verlie\u00df, meint: 8.30 Uhr. Als ich dann so halbwegs mit allem fertig war, also mich selber fit gemacht, die K\u00fcche aufger\u00e4umt, den M\u00fcll rausgebracht, Katze gef\u00fcttert etc. hatte, war es schon 9.30 Uhr. Da das Wetter ganz nett war, wollte ich dann mit Lena loslaufen. Nu wei\u00df jeder der Lena kennt, das dieses Kind nichts so hasst wie wickeln und anziehen, weshalb ich das bis dahin hinausgez\u00f6gert hatte und noch ein wenig vor mich hin werkelte. Pl\u00f6tzlich zog sie los, verschwand in ihr Zimmer und kurz darauf bef\u00fcrchtete ich das Schlimmste, weil es so ruhig war. Also ging ich schauen und: fand ein fast schlafendes Kind im Bett vor :shock_tb: Okaaaaaaaaahaaaaaaayyy, also verschob ich den Gang in die Stadt auf Mittags nach dem Kiga (Jana mit evtl. Schuhkauf gelockt, haben aber nix gefunden) und machte hier ein wenig Haushalt. Machte den Geschirrsp\u00fcler an, gammelte, r\u00e4umte die Zimmer auf, gammelte, hing die inzwischen durchgelaufene W\u00e4sche auf, gammelte, wechselte die Bettw\u00e4sche, gammelte, schrieb zwischendrin mit Chris, gammelte, erledigte den \u00e4tzenden Telefonanruf, gammelte. Um 10 nach 12 Uhr (!!!!) wurde mir die Zeit so langsam zu knapp und ich weckte Lena, damit wir mit Jana in die Stadt laufen konnten. Unglaublich das Kind :shock_tb:<\/p>\n<p align=\"justify\">Die 2. Merkw\u00fcrdigkeit war, das Jana so gar nicht laut maulte, weil wir in die Stadt liefen. OK, gemault hat sie nat\u00fcrlich. Aber f\u00fcr ihre Verh\u00e4ltnisse echt nur minimal und das kann nicht alleine an der Tatsache gelegen haben, das wir Schuhe schauen wollten. *kopfkratz*<\/p>\n<p align=\"justify\">Auf dem Weg nach Hause stellte sie allerdings fest, das sie dann aber nicht mit Anne spielen w\u00fcrde. *FragezeichenaufmeinerStirn* Jahaaaaaaaaa, Anne w\u00fcrde ja nicht sie besuchen, sondern Lena. Und deshalb w\u00fcrde sie auch nicht mit Anne spielen *schmoll*. Hatte sich schnell erledigt, nachdem ich ihr gesteckt habe, das sie dann ja auch nie mit Bine spielen d\u00fcrfte (die mich besucht) und am Freitag dann ja mit niemandem (die besuchen n\u00e4mlich auch alle mich *Zungerausstreck*). Als Anne dann kam haben die beiden zuckers\u00fc\u00df mit Lena gespielt, sp\u00e4ter genau so zuckers\u00fc\u00df alleine und viel sp\u00e4ter auch wieder zuckers\u00fc\u00df mit Lena. <\/p>\n<p align=\"justify\">Und ganz ernsthaft: ich will Anne adoptieren \ud83d\ude00 Ich hab schon immer die M\u00fctter bewundert, die mit ihren Zwergen + Besuch Brettspiele spielen, Stoptanz machen, Kekse mit denen backen und Schminkmarathons veranstalten. Kurz: das volle Entertainer-Programm. Nicht falsch verstehen: f\u00fcr meine Kinder schaffe ich das auch (meistens jedenfalls *g*), aber dann auch noch f\u00fcr Besucherkinder? DAS Talent hatte ich nie (weshalb ich auch Kindergeburtstage meide und nie Erzieherin werden wollte *g*). Anne weckt \u2013 was das angeht \u2013 irgendwelche verborgenen Talente in mir. Mit Anne kann ich genau so rumalbern wie mit Jana und Lena und deshalb haben wir heute gemeinsam Salami und Schinken geschnitten (na ok, ich hab geschnitten, Lena hat Bl\u00f6dsinn gemacht und die Kinder haben genascht) und dann in aller Ruhe eine sch\u00f6ne Pizza belegt. Und nein Chris, nicht ich war schuld das die ein wenig hart geraten ist, der Ofen ist doof. Jawollja! Und das Ganze, nachdem die M\u00e4dels sich vorher schon k\u00f6stlich \u00fcber Lenas Versuche mich zu frisieren am\u00fcsiert hatten &#8211; vor allem \u00fcber meine Grimassen dabei (so eine 1,5-J\u00e4hrige ist NICHT zimperlich *grummel*) &#8211; und meine Androhungen, Lena auf ihre Haare loszulassen *b\u00f6seMamabin*.<\/p>\n<p align=\"justify\">Schreibe ich heute zu viel? Ne, oder? \ud83d\ude09 Mir f\u00e4llt da n\u00e4mlich gerade noch ein, das ich heute Vormittag einen wirklich akuten Anfall von Alzheimer hatte. Daten sind ja nicht so meins, also war ich relativ erschrocken, als ich heute morgen im Forum einen Geburtstags-Thread f\u00fcr Anke fand (auch an dieser Stelle nochmal: Soooooooooorry und Herzlichen Gl\u00fcckwunsch *knuddel*). Irgendwo kam mir in den Kopf, das da noch wer mit Geburtstag war. Wir sind 4 Kolleginnen, die alle in der gleichen Woche Geburtstag haben und mir entf\u00e4llt jedes Jahr wieder, ob die beiden mit mir oder mit Anke zusammen Geburtstag haben. Also: Anke per MSN gefragt ob die anderen beiden auch heute sind (nach der Gratulation nat\u00fcrlich). Anke antwortete nicht schnell genug, also versuchte ich Bine auf dem Handy zu erreichen (Hilfe, ich brauch deine neue Festnetznummer mal wieder). Bine auch nicht da. Also gr\u00fcbelte ich und jetzt fragt mich bitte keiner, wieso ich nicht gleich das naheliegendste gemacht und auf der Arbeit nachgefragt habe *mirselberPiepvogelzeig*. Mir fiel unsere Azubine ein, die bei meinvz ist und dort die eine \u2013 evtl. Geburtstag habende \u2013 Kollegin als Freundin hat. Und jetzt kommt es\u2026. Mir fiel ihr Name nicht mehr ein!!!! (Also der der Azubine) Das gute M\u00e4del ist seit 3 Jahren bei uns und mir fiel ihr Name partout nicht ein. Also hab ich R\u00fcdiger (Chaos-Trio, diese Woche krankgeschrieben) zu Hause angerufen, um ihn nach dem Namen unserer Azubine zu fragen. Die fand ich dennoch nicht bei meinvz, aber inzwischen hatte Anke mir geschrieben und ich hab bei besagter Kollegin auf der Arbeit angerufen: nur um zu erfahren, das sie Urlaub hat. Also hab ich das getan, was ich auch gleich direkt h\u00e4tte tun k\u00f6nnen *lach*: ich hab ihr bei meinvz eine Nachricht geschickt. Klingt ein wenig wie Loriot? Neeeeee, Karin live :D:D:D<\/p>\n<p align=\"justify\">So, nu ist aber wirklich gut (auch wenn ich garantiert wieder die H\u00e4lfte vergessen hab), aber eins muss noch eben sein. Wer zum Geier hat Lena \u201cFeiffe\u201d beigebracht? Zum Gl\u00fcck kann sie das Wort noch nicht richtig aussprechen *grummel*. Von MIR hat sie DAS nicht, ich sage immer \u201cMist\u201d oder \u201cScheibenkleister\u201d. <\/p>\n<p align=\"center\"><a href=\"http:\/\/www.anthealein.de\/wp-content\/uploads\/2010\/05\/11052010.jpg\"><img loading=\"lazy\" decoding=\"async\" style=\"border-bottom: 0px; border-left: 0px; display: inline; border-top: 0px; border-right: 0px\" title=\"11052010\" border=\"0\" alt=\"11052010\" src=\"http:\/\/www.anthealein.de\/wp-content\/uploads\/2010\/05\/11052010_thumb.jpg\" width=\"504\" height=\"504\" \/><\/a>     <br \/>Ausbrecher: die geh\u00f6ren eigentlich hinter den Zaun zwischen den Str\u00e4uchern \ud83d\ude42<\/p>\n<p align=\"center\">&#160;<\/p>\n<p align=\"center\"><a href=\"http:\/\/www.anthealein.de\/wp-content\/uploads\/2010\/05\/11052010II.jpg\"><img loading=\"lazy\" decoding=\"async\" style=\"border-bottom: 0px; border-left: 0px; display: inline; border-top: 0px; border-right: 0px\" title=\"11052010II\" border=\"0\" alt=\"11052010II\" src=\"http:\/\/www.anthealein.de\/wp-content\/uploads\/2010\/05\/11052010II_thumb.jpg\" width=\"504\" height=\"504\" \/><\/a>&#160;<\/p>\n<p align=\"center\">&#160;<\/p>\n<p align=\"center\"><a href=\"http:\/\/www.anthealein.de\/wp-content\/uploads\/2010\/05\/11052010III.jpg\"><img loading=\"lazy\" decoding=\"async\" style=\"border-bottom: 0px; border-left: 0px; display: inline; border-top: 0px; border-right: 0px\" title=\"11052010III\" border=\"0\" alt=\"11052010III\" src=\"http:\/\/www.anthealein.de\/wp-content\/uploads\/2010\/05\/11052010III_thumb.jpg\" width=\"504\" height=\"504\" \/><\/a> <\/p>\n<p align=\"center\">&#160;<\/p>\n<p align=\"center\"><a href=\"http:\/\/www.anthealein.de\/wp-content\/uploads\/2010\/05\/11052010IV.jpg\"><img loading=\"lazy\" decoding=\"async\" style=\"border-bottom: 0px; border-left: 0px; display: inline; border-top: 0px; border-right: 0px\" title=\"11052010IV\" border=\"0\" alt=\"11052010IV\" src=\"http:\/\/www.anthealein.de\/wp-content\/uploads\/2010\/05\/11052010IV_thumb.jpg\" width=\"304\" height=\"504\" \/><\/a> <\/p>\n<p align=\"left\">P.S.: Die Unterhaltung zwischen Lis und Chris vorhin am Telefon war zu sch\u00f6n: \u201cJa Lis, qu\u00e4l sie dann so richtig!\u201d (Anm. d. Red.: es ging um eine Massage, auf die ich mich schon seit Tagen freue *g*)   <br \/>P.P.S.: Merkt man, das ich keine Lust auf Einkaufslisten schreiben habe?    <br \/>P.P.P.S.: Ich bin ja schon weg *schmoll*<\/p>\n<p align=\"left\">&#160;<\/p>\n<p align=\"left\">&#160;<\/p>\n<p> P.P.P.P.S.: Chriiiiiiiiiiihiiiiiiiiiiiiiiis: Zooplus hat geliefert (sorry, Insider). Und ne, ich hab nix intus au\u00dfer Antibiotika *b\u00f6seschau*  <\/p>\n","protected":false},"excerpt":{"rendered":"<p>Ich hab so gaaaaaaaaaaar keine Lust darauf. Ich mag ja noch nicht mal meine Einkaufsliste schreiben *grummel*. Aber mittlerweile tendiere ich dazu, morgen nur Lidl zu st\u00fcrmen und evtl. noch Aldi und den Getr\u00e4nkemarkt und nicht die Gro\u00dfeinkaufstour zu machen. Ich MUSS ja schlie\u00dflich nur f\u00fcr Donnerstag und Freitag einkaufen und nicht f\u00fcr die ganze [&hellip;]<\/p>\n","protected":false},"author":1,"featured_media":0,"comment_status":"open","ping_status":"open","sticky":false,"template":"","format":"standard","meta":{"footnotes":""},"categories":[3],"tags":[],"class_list":["post-1690","post","type-post","status-publish","format-standard","hentry","category-alles-mogliche"],"_links":{"self":[{"href":"http:\/\/www.anthealein.de\/index.php?rest_route=\/wp\/v2\/posts\/1690","targetHints":{"allow":["GET"]}}],"collection":[{"href":"http:\/\/www.anthealein.de\/index.php?rest_route=\/wp\/v2\/posts"}],"about":[{"href":"http:\/\/www.anthealein.de\/index.php?rest_route=\/wp\/v2\/types\/post"}],"author":[{"embeddable":true,"href":"http:\/\/www.anthealein.de\/index.php?rest_route=\/wp\/v2\/users\/1"}],"replies":[{"embeddable":true,"href":"http:\/\/www.anthealein.de\/index.php?rest_route=%2Fwp%2Fv2%2Fcomments&post=1690"}],"version-history":[{"count":0,"href":"http:\/\/www.anthealein.de\/index.php?rest_route=\/wp\/v2\/posts\/1690\/revisions"}],"wp:attachment":[{"href":"http:\/\/www.anthealein.de\/index.php?rest_route=%2Fwp%2Fv2%2Fmedia&parent=1690"}],"wp:term":[{"taxonomy":"category","embeddable":true,"href":"http:\/\/www.anthealein.de\/index.php?rest_route=%2Fwp%2Fv2%2Fcategories&post=1690"},{"taxonomy":"post_tag","embeddable":true,"href":"http:\/\/www.anthealein.de\/index.php?rest_route=%2Fwp%2Fv2%2Ftags&post=1690"}],"curies":[{"name":"wp","href":"https:\/\/api.w.org\/{rel}","templated":true}]}}