{"id":16757,"date":"2015-12-22T22:01:26","date_gmt":"2015-12-22T20:01:26","guid":{"rendered":"http:\/\/www.anthealein.de\/?p=16757"},"modified":"2015-12-22T22:01:26","modified_gmt":"2015-12-22T20:01:26","slug":"geschenke-einpacken","status":"publish","type":"post","link":"http:\/\/www.anthealein.de\/?p=16757","title":{"rendered":"Geschenke einpacken &hellip;"},"content":{"rendered":"<p>&#160;<\/p>\n<p align=\"justify\">\u2026 ist eine Aufgabe, der ich am liebsten aus dem Weg gehe. Dementsprechend tapfer habe ich heute Lenis Geschenke eingepackt, eines der Geschenke f\u00fcr Valeska von Jana, Janas Geschenk f\u00fcr Lena und Janas Geschenk f\u00fcr Papa. Wundert mich, das sie \u00fcberhaupt etwas eingepackt hat *g*. Morgen muss dann nur noch Janas und Christians Geschenk eingepackt werden und Chris muss die Geschenke f\u00fcr Siggi und Walli verarbeiten <img decoding=\"async\" class=\"wlEmoticon wlEmoticon-smile\" style=\"border-top-style: none; border-bottom-style: none; border-right-style: none; border-left-style: none\" alt=\"Smiley\" src=\"http:\/\/www.anthealein.de\/wp-content\/uploads\/2015\/12\/wlEmoticon-smile5.png\" \/>. Ich freue mich <img decoding=\"async\" class=\"wlEmoticon wlEmoticon-openmouthedsmile\" style=\"border-top-style: none; border-bottom-style: none; border-right-style: none; border-left-style: none\" alt=\"Smiley mit ge\u00f6ffnetem Mund\" src=\"http:\/\/www.anthealein.de\/wp-content\/uploads\/2015\/12\/wlEmoticon-openmouthedsmile6.png\" \/>.<\/p>\n<p align=\"justify\">&#160;<\/p>\n<p align=\"center\"><a href=\"http:\/\/www.anthealein.de\/wp-content\/uploads\/2015\/12\/22122015.jpg\"><img loading=\"lazy\" decoding=\"async\" title=\"22122015\" style=\"border-top: 0px; border-right: 0px; background-image: none; border-bottom: 0px; padding-top: 0px; padding-left: 0px; border-left: 0px; display: inline; padding-right: 0px\" border=\"0\" alt=\"22122015\" src=\"http:\/\/www.anthealein.de\/wp-content\/uploads\/2015\/12\/22122015_thumb.jpg\" width=\"504\" height=\"504\" \/><\/a><\/p>\n<p align=\"center\">&#160;<\/p>\n<p align=\"center\"><a href=\"http:\/\/www.anthealein.de\/wp-content\/uploads\/2015\/12\/22122015II.jpg\"><img loading=\"lazy\" decoding=\"async\" title=\"22122015II\" style=\"border-top: 0px; border-right: 0px; background-image: none; border-bottom: 0px; padding-top: 0px; padding-left: 0px; border-left: 0px; display: inline; padding-right: 0px\" border=\"0\" alt=\"22122015II\" src=\"http:\/\/www.anthealein.de\/wp-content\/uploads\/2015\/12\/22122015II_thumb.jpg\" width=\"504\" height=\"504\" \/><\/a><\/p>\n<p align=\"center\">&#160;<\/p>\n<p align=\"center\"><a href=\"http:\/\/www.anthealein.de\/wp-content\/uploads\/2015\/12\/22122015III.jpg\"><img loading=\"lazy\" decoding=\"async\" title=\"22122015III\" style=\"border-top: 0px; border-right: 0px; background-image: none; border-bottom: 0px; padding-top: 0px; padding-left: 0px; border-left: 0px; display: inline; padding-right: 0px\" border=\"0\" alt=\"22122015III\" src=\"http:\/\/www.anthealein.de\/wp-content\/uploads\/2015\/12\/22122015III_thumb.jpg\" width=\"504\" height=\"504\" \/><\/a><\/p>\n","protected":false},"excerpt":{"rendered":"<p>&#160; \u2026 ist eine Aufgabe, der ich am liebsten aus dem Weg gehe. Dementsprechend tapfer habe ich heute Lenis Geschenke eingepackt, eines der Geschenke f\u00fcr Valeska von Jana, Janas Geschenk f\u00fcr Lena und Janas Geschenk f\u00fcr Papa. Wundert mich, das sie \u00fcberhaupt etwas eingepackt hat *g*. Morgen muss dann nur noch Janas und Christians Geschenk [&hellip;]<\/p>\n","protected":false},"author":1,"featured_media":0,"comment_status":"open","ping_status":"open","sticky":false,"template":"","format":"standard","meta":{"footnotes":""},"categories":[3],"tags":[],"class_list":["post-16757","post","type-post","status-publish","format-standard","hentry","category-alles-mogliche"],"_links":{"self":[{"href":"http:\/\/www.anthealein.de\/index.php?rest_route=\/wp\/v2\/posts\/16757","targetHints":{"allow":["GET"]}}],"collection":[{"href":"http:\/\/www.anthealein.de\/index.php?rest_route=\/wp\/v2\/posts"}],"about":[{"href":"http:\/\/www.anthealein.de\/index.php?rest_route=\/wp\/v2\/types\/post"}],"author":[{"embeddable":true,"href":"http:\/\/www.anthealein.de\/index.php?rest_route=\/wp\/v2\/users\/1"}],"replies":[{"embeddable":true,"href":"http:\/\/www.anthealein.de\/index.php?rest_route=%2Fwp%2Fv2%2Fcomments&post=16757"}],"version-history":[{"count":1,"href":"http:\/\/www.anthealein.de\/index.php?rest_route=\/wp\/v2\/posts\/16757\/revisions"}],"predecessor-version":[{"id":16758,"href":"http:\/\/www.anthealein.de\/index.php?rest_route=\/wp\/v2\/posts\/16757\/revisions\/16758"}],"wp:attachment":[{"href":"http:\/\/www.anthealein.de\/index.php?rest_route=%2Fwp%2Fv2%2Fmedia&parent=16757"}],"wp:term":[{"taxonomy":"category","embeddable":true,"href":"http:\/\/www.anthealein.de\/index.php?rest_route=%2Fwp%2Fv2%2Fcategories&post=16757"},{"taxonomy":"post_tag","embeddable":true,"href":"http:\/\/www.anthealein.de\/index.php?rest_route=%2Fwp%2Fv2%2Ftags&post=16757"}],"curies":[{"name":"wp","href":"https:\/\/api.w.org\/{rel}","templated":true}]}}