{"id":1671,"date":"2010-05-08T19:55:23","date_gmt":"2010-05-08T18:55:23","guid":{"rendered":"http:\/\/www.anthealein.de\/?p=1671"},"modified":"2010-05-08T19:55:23","modified_gmt":"2010-05-08T18:55:23","slug":"die-nicht-geburtstagsfeier","status":"publish","type":"post","link":"http:\/\/www.anthealein.de\/?p=1671","title":{"rendered":"Die &ldquo;Nicht-Geburtstagsfeier&rdquo;"},"content":{"rendered":"<p>To-Do-Liste (bis jetzt) dieser Woche:    <br \/><strike>&#8211; <span style=\"text-decoration: line-through\">morgen fr\u00fch in die Stadt, Brief einschmei\u00dfen und zur Bank, einkaufen, morgen Nachmittag kommt Valeska *jubel*.<\/span><\/strike>     <br \/><span style=\"text-decoration: line-through\">&#8211; Mittwoch morgen: Bine kommt *ebenfalls jubel*, Jack zu Besuch,<\/span> Antr\u00e4ge ausf\u00fcllen.     <br \/><strike>&#8211; Donnerstag: Neurologe, mal sehen (auch einkaufen, putzen und W\u00e4sche waschen genannt), Melanie und Ebba kommen \u2026<\/strike>     <br \/>&#8211; <strike>Freitag: Apotheke (hat Chris erledigt),<\/strike> evtl. Hausarzt, B\u00fccherei, Stadt, <strike>putzen (ja, SCHON wieder n\u00f6tig), Sandra und Marc 2      <br \/><\/strike>&#8211; <strike>Samstag: Friseur, Schmidt und Koch-Fest,<\/strike> Ikea?     <br \/>&#8211; Sonntag: Oma kommt \ud83d\ude42 , putzen, Playmobil zusammenpacken<\/p>\n<p>Eigentlich wollte ich doch gar nicht feiern, oder? Aber nu hat sich Lisbeth nach \u00fcber 1,5 Jahren mal wieder zu Besuch angemeldet und Sandra und Marc 2 kommen auch. Und wo wir schon mal dabei sind, muss ich eigentlich auch R\u00fcdiger dazu holen, der ist n\u00e4mlich ein Ex-Nachbar\/Bekannter von Lisbeth und nicht nur ein Mitglied unseres Chaos-Trios. Und wenn R\u00fcdi kommen sollte, m\u00fcsste eigentlich auch Bine kommen (ja Bine, das ist eine Einladung!) und evtl. wollten ja auch Marc und Sandra 1 vielleicht kommen \ud83d\ude42 Ich nehme noch gerne Wetten an, wie viele wir dann Freitag tats\u00e4chlich sein werden. Ich werd auf jeden Fall genug zu naschen einkaufen und leckeren Gyros-Topf kochen \ud83d\ude00<\/p>\n<p align=\"center\"><a href=\"http:\/\/www.anthealein.de\/wp-content\/uploads\/2010\/05\/08052010.jpg\"><img loading=\"lazy\" decoding=\"async\" style=\"border-bottom: 0px; border-left: 0px; display: inline; border-top: 0px; border-right: 0px\" title=\"08052010\" border=\"0\" alt=\"08052010\" src=\"http:\/\/www.anthealein.de\/wp-content\/uploads\/2010\/05\/08052010_thumb.jpg\" width=\"504\" height=\"504\" \/><\/a><\/p>\n","protected":false},"excerpt":{"rendered":"<p>To-Do-Liste (bis jetzt) dieser Woche: &#8211; morgen fr\u00fch in die Stadt, Brief einschmei\u00dfen und zur Bank, einkaufen, morgen Nachmittag kommt Valeska *jubel*. &#8211; Mittwoch morgen: Bine kommt *ebenfalls jubel*, Jack zu Besuch, Antr\u00e4ge ausf\u00fcllen. &#8211; Donnerstag: Neurologe, mal sehen (auch einkaufen, putzen und W\u00e4sche waschen genannt), Melanie und Ebba kommen \u2026 &#8211; Freitag: Apotheke (hat [&hellip;]<\/p>\n","protected":false},"author":1,"featured_media":0,"comment_status":"open","ping_status":"open","sticky":false,"template":"","format":"standard","meta":{"footnotes":""},"categories":[3],"tags":[],"class_list":["post-1671","post","type-post","status-publish","format-standard","hentry","category-alles-mogliche"],"_links":{"self":[{"href":"http:\/\/www.anthealein.de\/index.php?rest_route=\/wp\/v2\/posts\/1671","targetHints":{"allow":["GET"]}}],"collection":[{"href":"http:\/\/www.anthealein.de\/index.php?rest_route=\/wp\/v2\/posts"}],"about":[{"href":"http:\/\/www.anthealein.de\/index.php?rest_route=\/wp\/v2\/types\/post"}],"author":[{"embeddable":true,"href":"http:\/\/www.anthealein.de\/index.php?rest_route=\/wp\/v2\/users\/1"}],"replies":[{"embeddable":true,"href":"http:\/\/www.anthealein.de\/index.php?rest_route=%2Fwp%2Fv2%2Fcomments&post=1671"}],"version-history":[{"count":0,"href":"http:\/\/www.anthealein.de\/index.php?rest_route=\/wp\/v2\/posts\/1671\/revisions"}],"wp:attachment":[{"href":"http:\/\/www.anthealein.de\/index.php?rest_route=%2Fwp%2Fv2%2Fmedia&parent=1671"}],"wp:term":[{"taxonomy":"category","embeddable":true,"href":"http:\/\/www.anthealein.de\/index.php?rest_route=%2Fwp%2Fv2%2Fcategories&post=1671"},{"taxonomy":"post_tag","embeddable":true,"href":"http:\/\/www.anthealein.de\/index.php?rest_route=%2Fwp%2Fv2%2Ftags&post=1671"}],"curies":[{"name":"wp","href":"https:\/\/api.w.org\/{rel}","templated":true}]}}