{"id":1568,"date":"2010-04-24T20:09:39","date_gmt":"2010-04-24T19:09:39","guid":{"rendered":"http:\/\/www.anthealein.de\/?p=1568"},"modified":"2010-04-24T20:09:39","modified_gmt":"2010-04-24T19:09:39","slug":"manche-leute-kopfschttel","status":"publish","type":"post","link":"http:\/\/www.anthealein.de\/?p=1568","title":{"rendered":"Manche Leute *kopfsch&uuml;ttel*"},"content":{"rendered":"<p align=\"justify\">Heute war Gartenaktionstag im Kindergarten. Chris und Jana unten am helfen, Lena zeitweise auch. Nachmittags fuhren Chris und Jana dann mit Peter nach Sillenstede und Lena und ich gingen in die Stadt (Schuhe, ich brauchte Schuhe *heul*). <\/p>\n<p align=\"justify\">Und wie wir so in die Nordseepassage reinkamen, w\u00e4re ich am liebsten gleich r\u00fcckw\u00e4rts wieder raus, weil: voll, megavoll. Links knapp hinter dem Eingang ist eine B\u00e4ckerei. Eine \u00e4ltere Dame mit Hund stand dort um sich was zu bestellen, ihre Freundin sa\u00df auf der anderen Seite des Ganges und streichelte den Hund, laaaaaaaaange Leine zwischen den beiden Damen. Eine dritte, ebenfalls \u00e4ltere Dame strauchelte \u00fcber die Leine und: wurde \u00fcbelst von der Besitzerin des Hundes beschimpft. \u201cHundefeindlich\u201d war da noch die netteste Anklage. *wiewardasmitdemPiepvogelSmiley?*. Wohlgemerkt: die schimpfende Dame w\u00e4re schuld gewesen, wenn die andere \u2013 nicht schimpfende \u2013 Dame sich die Haxen gebrochen h\u00e4tte. <\/p>\n<p align=\"justify\">Kopfsch\u00fcttelnd ging ich dann kurz zu Rossmann rein (wo ich gar nichts mehr finde, seitdem die umgebaut haben) und dann direkt weiter zum Wurststand vor Combi, um f\u00fcr Lena eine Wurst zu besorgen. Momentan ist in der Nordseepassage eine Dinosaurierausstellung und zig Riesenmodelle stehen dort rum. Eins davon vor besagtem Wurststand, sieht aus wie ein \u00fcberdimensionaler Alligator. Auf diesem Viech lie\u00df eine Mutter ihre 2 Kinder rumbalancieren (n\u00f6, die Teile kosten ja auch nix und sind nur als Spielger\u00e4te f\u00fcr Kinder gedacht *grummel*). W\u00e4hrend ich mir dazu noch meinen Teil dachte, kam gleich die n\u00e4chste Attraktion durch die T\u00fcr. <\/p>\n<p align=\"justify\">2 M\u00fctter mit Kinderwagen, aufgetakelt als ginge es in die n\u00e4chste Disco. Politisch korrekt schlecht zu beschreiben, aber fr\u00fcher h\u00e4tten wir in der Disco \u201cBundimatratze\u201d zu den M\u00e4dels gesagt. Mitten in dem schon engen (wegen dem Dinosaurier) Gang blieben die beiden stehen und hielten Kl\u00f6nschnack. Die Leute schl\u00e4ngelten vorbei, die M\u00e4dels liefen weiter und die eine rammte ihren Kinderwagen mit voller Wucht einer Frau in die Hacken. Die Frau drehte sich nur um und rief \u201cHe\u201d, da ging es schon los. \u201cEy Alde, du siehst doch ich hab Kinderwagen. Sieh zu, das du weiterkommst\u201d. Daraufhin ging es wieder hin und her (hatten wir das nicht kurz vorher schon), inkl. Einmischung Dritter, Vierter und F\u00fcnfter und einem netten \u201cFick Dich\u201d. <\/p>\n<p align=\"justify\">Ich war dann ganz froh, der Nordseepassage zu entkommen, hab vor Tedi einen netten Plausch mit einer Arbeitskollegin von Chris gehalten, mich bei Deichmann durch die Menschenmassen gew\u00fchlt und Schuhschn\u00e4ppchen gemacht (auch wenn ich eigentlich feste Schuhe und keine Sandalen wollte), musste dann doch noch mal in die Nordseepassage zu Rossmann rein und hab Kerstin und Anna vor der B\u00e4ckerei von ganz am Anfang getroffen. Und dann \u2013 endlich \u2013 ging es wieder nach Hause. Zu Fu\u00df inkl. Lena. Hat zwar ewig gedauert, aber wir sind angekommen \ud83d\ude00<\/p>\n<p align=\"center\"><a href=\"http:\/\/www.anthealein.de\/wp-content\/uploads\/2010\/04\/24042010.jpg\"><img loading=\"lazy\" decoding=\"async\" style=\"border-bottom: 0px; border-left: 0px; display: inline; border-top: 0px; border-right: 0px\" title=\"24042010\" border=\"0\" alt=\"24042010\" src=\"http:\/\/www.anthealein.de\/wp-content\/uploads\/2010\/04\/24042010_thumb.jpg\" width=\"504\" height=\"504\" \/><\/a> <\/p>\n<p align=\"center\">&#160;<\/p>\n<p align=\"center\"><a href=\"http:\/\/www.anthealein.de\/wp-content\/uploads\/2010\/04\/24042010II.jpg\"><img loading=\"lazy\" decoding=\"async\" style=\"border-bottom: 0px; border-left: 0px; display: inline; border-top: 0px; border-right: 0px\" title=\"24042010II\" border=\"0\" alt=\"24042010II\" src=\"http:\/\/www.anthealein.de\/wp-content\/uploads\/2010\/04\/24042010II_thumb.jpg\" width=\"404\" height=\"504\" \/><\/a><\/p>\n","protected":false},"excerpt":{"rendered":"<p>Heute war Gartenaktionstag im Kindergarten. Chris und Jana unten am helfen, Lena zeitweise auch. Nachmittags fuhren Chris und Jana dann mit Peter nach Sillenstede und Lena und ich gingen in die Stadt (Schuhe, ich brauchte Schuhe *heul*). Und wie wir so in die Nordseepassage reinkamen, w\u00e4re ich am liebsten gleich r\u00fcckw\u00e4rts wieder raus, weil: voll, [&hellip;]<\/p>\n","protected":false},"author":1,"featured_media":0,"comment_status":"open","ping_status":"open","sticky":false,"template":"","format":"standard","meta":{"footnotes":""},"categories":[3],"tags":[],"class_list":["post-1568","post","type-post","status-publish","format-standard","hentry","category-alles-mogliche"],"_links":{"self":[{"href":"http:\/\/www.anthealein.de\/index.php?rest_route=\/wp\/v2\/posts\/1568","targetHints":{"allow":["GET"]}}],"collection":[{"href":"http:\/\/www.anthealein.de\/index.php?rest_route=\/wp\/v2\/posts"}],"about":[{"href":"http:\/\/www.anthealein.de\/index.php?rest_route=\/wp\/v2\/types\/post"}],"author":[{"embeddable":true,"href":"http:\/\/www.anthealein.de\/index.php?rest_route=\/wp\/v2\/users\/1"}],"replies":[{"embeddable":true,"href":"http:\/\/www.anthealein.de\/index.php?rest_route=%2Fwp%2Fv2%2Fcomments&post=1568"}],"version-history":[{"count":0,"href":"http:\/\/www.anthealein.de\/index.php?rest_route=\/wp\/v2\/posts\/1568\/revisions"}],"wp:attachment":[{"href":"http:\/\/www.anthealein.de\/index.php?rest_route=%2Fwp%2Fv2%2Fmedia&parent=1568"}],"wp:term":[{"taxonomy":"category","embeddable":true,"href":"http:\/\/www.anthealein.de\/index.php?rest_route=%2Fwp%2Fv2%2Fcategories&post=1568"},{"taxonomy":"post_tag","embeddable":true,"href":"http:\/\/www.anthealein.de\/index.php?rest_route=%2Fwp%2Fv2%2Ftags&post=1568"}],"curies":[{"name":"wp","href":"https:\/\/api.w.org\/{rel}","templated":true}]}}