{"id":1453,"date":"2010-04-08T19:58:25","date_gmt":"2010-04-08T18:58:25","guid":{"rendered":"http:\/\/www.anthealein.de\/?p=1453"},"modified":"2010-04-08T19:58:25","modified_gmt":"2010-04-08T18:58:25","slug":"swob-ist-leider-wieder-weg","status":"publish","type":"post","link":"http:\/\/www.anthealein.de\/?p=1453","title":{"rendered":"Swob ist leider wieder weg,"},"content":{"rendered":"<p>aber sch\u00f6n war es ihn mal wieder zu sehen und vor allem ihn auch mal wieder mehr als 2 Stunden hier zu haben. <\/p>\n<p>Ich hab heute meinen \u00c4rztemarathon geschafft, morgen fr\u00fch wird hier dann mal wieder geputzt *seufz* und morgen Nachmittag fahren wir zu Oma und Opa. Chris und Opa wollen Sachen zur M\u00fcllkippe fahren und ich werde die Garage f\u00fcr mich beanspruchen und die Altpapiertonne auskippen, um in ungef\u00e4hr 2 gelben S\u00e4cken geschreddertem Papier mein Tan-Verzeichnis zu suchen und zusammen zu puzzlen. Und neeeeeee, ich hab garantiert nix besseres zu tun :shock_tb:<\/p>\n<p>Lena kommt anscheinend in die Trotzphase (mit 1,5 Jahren, mir graut es vor dem n\u00e4chsten Jahr). Heute morgen hatten wir hier 15 Minuten Schreiattacke mit dem vollen Programm, danach durfte ich aber auch 15 Minuten Beruhigungskuscheln machen \ud83d\ude42 Solche Situationen hatten wir heute dann noch 2x, die allerdings dann nur 3-5 Min. anhielten und nach denen Papa dann das Beruhigungskuscheln genie\u00dfen durfte. <\/p>\n<p>Ansonsten hab ich Susanne heute angesprochen: sie hat Montags, Donnerstags und Freitags morgens den Kurs und wird dementsprechend Lena tats\u00e4chlich erst ab Oktober nehmen k\u00f6nnen. Aber die 3 Monate bekommen wir \u00fcberbr\u00fcckt *freu*<\/p>\n<p align=\"center\"><a href=\"http:\/\/www.anthealein.de\/wp-content\/uploads\/2010\/04\/08042010.jpg\"><img loading=\"lazy\" decoding=\"async\" style=\"border-bottom: 0px; border-left: 0px; display: inline; border-top: 0px; border-right: 0px\" title=\"08042010\" border=\"0\" alt=\"08042010\" src=\"http:\/\/www.anthealein.de\/wp-content\/uploads\/2010\/04\/08042010_thumb.jpg\" width=\"504\" height=\"504\" \/><\/a>     <br \/>\u201cHasi Duhe\u201d, die schon erw\u00e4hnten selbst gen\u00e4hten Schuhe von Sandra (3 :shock_tb: , zum Gl\u00fcck ohne einen Marc). Lena liebt sie \ud83d\ude42<\/p>\n","protected":false},"excerpt":{"rendered":"<p>aber sch\u00f6n war es ihn mal wieder zu sehen und vor allem ihn auch mal wieder mehr als 2 Stunden hier zu haben. Ich hab heute meinen \u00c4rztemarathon geschafft, morgen fr\u00fch wird hier dann mal wieder geputzt *seufz* und morgen Nachmittag fahren wir zu Oma und Opa. Chris und Opa wollen Sachen zur M\u00fcllkippe fahren [&hellip;]<\/p>\n","protected":false},"author":1,"featured_media":0,"comment_status":"open","ping_status":"open","sticky":false,"template":"","format":"standard","meta":{"footnotes":""},"categories":[3],"tags":[],"class_list":["post-1453","post","type-post","status-publish","format-standard","hentry","category-alles-mogliche"],"_links":{"self":[{"href":"http:\/\/www.anthealein.de\/index.php?rest_route=\/wp\/v2\/posts\/1453","targetHints":{"allow":["GET"]}}],"collection":[{"href":"http:\/\/www.anthealein.de\/index.php?rest_route=\/wp\/v2\/posts"}],"about":[{"href":"http:\/\/www.anthealein.de\/index.php?rest_route=\/wp\/v2\/types\/post"}],"author":[{"embeddable":true,"href":"http:\/\/www.anthealein.de\/index.php?rest_route=\/wp\/v2\/users\/1"}],"replies":[{"embeddable":true,"href":"http:\/\/www.anthealein.de\/index.php?rest_route=%2Fwp%2Fv2%2Fcomments&post=1453"}],"version-history":[{"count":0,"href":"http:\/\/www.anthealein.de\/index.php?rest_route=\/wp\/v2\/posts\/1453\/revisions"}],"wp:attachment":[{"href":"http:\/\/www.anthealein.de\/index.php?rest_route=%2Fwp%2Fv2%2Fmedia&parent=1453"}],"wp:term":[{"taxonomy":"category","embeddable":true,"href":"http:\/\/www.anthealein.de\/index.php?rest_route=%2Fwp%2Fv2%2Fcategories&post=1453"},{"taxonomy":"post_tag","embeddable":true,"href":"http:\/\/www.anthealein.de\/index.php?rest_route=%2Fwp%2Fv2%2Ftags&post=1453"}],"curies":[{"name":"wp","href":"https:\/\/api.w.org\/{rel}","templated":true}]}}