{"id":1406,"date":"2010-04-03T19:46:09","date_gmt":"2010-04-03T18:46:09","guid":{"rendered":"http:\/\/www.anthealein.de\/?p=1406"},"modified":"2010-04-03T19:46:09","modified_gmt":"2010-04-03T18:46:09","slug":"ich-bekomme-nen-vogel","status":"publish","type":"post","link":"http:\/\/www.anthealein.de\/?p=1406","title":{"rendered":"Ich bekomme &lsquo;nen Vogel :)"},"content":{"rendered":"<p>Und wehe, irgend jemand merkt jetzt an, ich h\u00e4tte ja schon einen *keuleschwing*. N\u00e4chste Woche wollen wir es angehen und uns 2 Wellensittiche holen \ud83d\ude00 Aber von vorn.<\/p>\n<p>Heute morgen sind Chris und ich tats\u00e4chlich mit Lena nach Schortens zum Second-Hand gefahren. Ich hab dort f\u00fcr Jana noch 2 Kleinigkeiten von Playmobil ergattert. Eine Frau mit Tragetuch, Baby und Flasche und einmal den Hochstuhl mit Teller, L\u00f6ffel, Flasche, Baby und Mama (fehlte uns beim Haus noch). Anschlie\u00dfend haben wir uns ins Get\u00fcmmel bei Famila gest\u00fcrzt, die letzten Sachen und f\u00fcr mich einen Mixer besorgt. Dann zu Opa, Jana abgeholt, noch schnell bei Joker angehalten und dann zum Tierladen (eigentlich wollten wir da Fische holen). <\/p>\n<p>Lena und ich sind in die Kleintierabteilung, w\u00e4hrend Jana und Chris zu den Fischen gingen. Und Hasi, Maus und Oink (Meerschweinchen, 3x d\u00fcrft ihr raten was Lena zu Seehunden sagt) waren nicht so interessant wie die Voliere. Die ganze Zeit h\u00f6rte ich nur \u201cPiep piep guggen\u201d. Und als ich das hinterher so Chris erz\u00e4hlte, meinte er das er sich mit V\u00f6geln wohl anfreunden k\u00f6nnte. Wir hatten fr\u00fcher Wellensittiche als ich klein war, er hatte einen und allgemein sind wir uns da tats\u00e4chlich mal einig (bei Hamster, M\u00e4usen und Meerschweinen sagt er immer noch nein *grummel*). Jana kann sich mit dem Gedanken noch nicht wirklich anfreunden, weil Gabis Vogel unten (Toni) sehr zutraulich und frech war. Der kam immer gleich angeflogen, setzte sich auf den Kopf und knabberte an allem rum was erreichbar war *g*. Aber nachdem sie dann nachmittags mit Papa im Tierheim (die geben leider keine V\u00f6gel ab, sondern behalten die) schauen war, hatte sich das auch erledigt \ud83d\ude42<\/p>\n<p>Zuhause haben wir dann gegessen, Jana und Chris sind noch mal losgefahren zum Tierheim und zu einem Fischladen und Lena und ich haben hier sauber gemacht (meint: ich hab sauber gemacht, w\u00e4hrend sie am anderen Ende der Wohnung Chaos veranstaltete). Eigentlich wollte ich dann noch Hefezopf f\u00fcr morgen backen, hab aber vorhin doch beschlossen, den morgen fr\u00fch bei Oma zu backen. <\/p>\n<p>Morgen fr\u00fch geht es schon um 8.45 Uhr in Richtung Sillenstede. Fr\u00fchst\u00fccken, Backen, Mittag essen, Kaffee trinken, das volle Programm \ud83d\ude42 Die \u201cVersteck\u201d-Sachen hab ich dann vorhin schon in einen Korb getan und hab Chris gefragt ob er die nachher nach unten bringt. Jo, w\u00fcrde er machen. Gerade sprach er mich an, ob ICH nicht noch den Korb nach unten in den Kofferraum bringen wollte. Daraufhin ich: \u201cN\u00f6, es regnet. DU hattest doch vorhin gesagt, du wolltest den runterbringen.\u201d Daraufhin er: \u201cN\u00f6, es gie\u00dft doch\u201d.&#160; Aber mich runter jagen wollen :shock_tb: W\u00e4re er vor einer Stunde gelaufen, h\u00e4tte es noch nicht geregnet *grummel*. Nu bleibt der Korb halt im Kleiderschrank bis morgen fr\u00fch *g*.<\/p>\n<p align=\"center\"><a href=\"http:\/\/www.anthealein.de\/wp-content\/uploads\/2010\/04\/03042010.jpg\"><img loading=\"lazy\" decoding=\"async\" style=\"border-bottom: 0px; border-left: 0px; display: inline; border-top: 0px; border-right: 0px\" title=\"03042010\" border=\"0\" alt=\"03042010\" src=\"http:\/\/www.anthealein.de\/wp-content\/uploads\/2010\/04\/03042010_thumb.jpg\" width=\"504\" height=\"504\" \/><\/a><\/p>\n","protected":false},"excerpt":{"rendered":"<p>Und wehe, irgend jemand merkt jetzt an, ich h\u00e4tte ja schon einen *keuleschwing*. N\u00e4chste Woche wollen wir es angehen und uns 2 Wellensittiche holen \ud83d\ude00 Aber von vorn. Heute morgen sind Chris und ich tats\u00e4chlich mit Lena nach Schortens zum Second-Hand gefahren. Ich hab dort f\u00fcr Jana noch 2 Kleinigkeiten von Playmobil ergattert. Eine Frau [&hellip;]<\/p>\n","protected":false},"author":1,"featured_media":0,"comment_status":"open","ping_status":"open","sticky":false,"template":"","format":"standard","meta":{"footnotes":""},"categories":[3],"tags":[],"class_list":["post-1406","post","type-post","status-publish","format-standard","hentry","category-alles-mogliche"],"_links":{"self":[{"href":"http:\/\/www.anthealein.de\/index.php?rest_route=\/wp\/v2\/posts\/1406","targetHints":{"allow":["GET"]}}],"collection":[{"href":"http:\/\/www.anthealein.de\/index.php?rest_route=\/wp\/v2\/posts"}],"about":[{"href":"http:\/\/www.anthealein.de\/index.php?rest_route=\/wp\/v2\/types\/post"}],"author":[{"embeddable":true,"href":"http:\/\/www.anthealein.de\/index.php?rest_route=\/wp\/v2\/users\/1"}],"replies":[{"embeddable":true,"href":"http:\/\/www.anthealein.de\/index.php?rest_route=%2Fwp%2Fv2%2Fcomments&post=1406"}],"version-history":[{"count":0,"href":"http:\/\/www.anthealein.de\/index.php?rest_route=\/wp\/v2\/posts\/1406\/revisions"}],"wp:attachment":[{"href":"http:\/\/www.anthealein.de\/index.php?rest_route=%2Fwp%2Fv2%2Fmedia&parent=1406"}],"wp:term":[{"taxonomy":"category","embeddable":true,"href":"http:\/\/www.anthealein.de\/index.php?rest_route=%2Fwp%2Fv2%2Fcategories&post=1406"},{"taxonomy":"post_tag","embeddable":true,"href":"http:\/\/www.anthealein.de\/index.php?rest_route=%2Fwp%2Fv2%2Ftags&post=1406"}],"curies":[{"name":"wp","href":"https:\/\/api.w.org\/{rel}","templated":true}]}}