{"id":1384,"date":"2010-03-31T20:45:33","date_gmt":"2010-03-31T19:45:33","guid":{"rendered":"http:\/\/www.anthealein.de\/?p=1384"},"modified":"2010-03-31T20:45:33","modified_gmt":"2010-03-31T19:45:33","slug":"vernderungen","status":"publish","type":"post","link":"http:\/\/www.anthealein.de\/?p=1384","title":{"rendered":"Ver&auml;nderungen"},"content":{"rendered":"<p>Heute waren wir ja im Bullermeck mit den M\u00e4dels von Janas Geburtsvorbereitungskurs. Die Jungsmamas stecken im Dilemma, weil ihre Jungs keine Lust auf diese Treffen mehr haben. Mal sehen, wie wir M\u00fctter das l\u00f6sen. Bis jetzt haben wir uns ja theoretisch jeden Monat mit Kindern getroffen und alle 3-4 Monate sind wir M\u00fctter alleine losgezogen. Evtl. kehren wir das um, weil wir ja schon gerne weiterhin sehen m\u00f6chten, was aus den Kindern wird und wir treffen uns ja immerhin auch schon 6 Jahre. Jana war zum Schluss auch ein wenig beleidigt, weil Nica und Paula sich nicht ansehen wollten, was sie neu konnte (oder so) :shock_tb: , aber die Konstellation ist eh immer ein Fall f\u00fcr sich. Nica mit Jana alleine, wunderbar. Paula mit Jana alleine, wunderbar. Die 3 zusammen: geht gaaaaaaaaar nicht.<\/p>\n<p>Jaspis aus dem Forum war so nett, mir gestern noch den Tipp zu geben, das bei ihr in der Stadt zuk\u00fcnftige Tagesm\u00fctter schon w\u00e4hrend des Kurses Tageskinder annehmen d\u00fcrfen, da werd ich Susanne n\u00e4chste Woche mal drauf ansprechen. W\u00e4re nat\u00fcrlich die einfachste L\u00f6sung. Chris sagte nur, ich soll sie nicht nerven, damit sie nicht wieder abspringt *lach*.<\/p>\n<p>Terminplan der n\u00e4chsten Tage:<\/p>\n<p>&#8211; Donnerstag (also morgen): das Chaos-Trio mal wieder vereint, nachmittags evtl. Bine als Verst\u00e4rkung zum einkaufen mitschleppen (ich will Samstag nicht noch mal los, also bis n\u00e4chsten Dienstag einkaufen), Bohneneintopf kochen (Jumper hab).<\/p>\n<p>&#8211; Freitag: Mulan mit Jana schauen (hab ich ihr versprochen), evtl. holt Opa Jana ab, putzen (*seufz*), Unterlagen sortieren f\u00fcr die Einkommensteuererkl\u00e4rung die dann Abends vielleicht auch endlich mal gemacht wird.<\/p>\n<p>&#8211; Samstag: Null? Jana holen, falls sie Freitag bei Opa ist? Evtl. die 20 Sachen einkaufen, die ich morgen vergesse?<\/p>\n<p>&#8211; Sonntag: Oma und Opa st\u00fcrmen, Sachen verstecken, Feiern, mich hoffentlich in die Sonne hauen (das war gestern soooooo sch\u00f6n auf dem Balkon, aber ein Auge musste ich ja auf Lena haben).<\/p>\n<p>&#8211; Montag: N\u00fcscht? Mal sehen \ud83d\ude42 <\/p>\n<p>&#8211; Dienstag: Sind wir zum Fr\u00fchst\u00fcck bei einer ehemaligen Kollegin und nachmittags dann beim Forumstreff in Hohenkirchen.<\/p>\n<p>&#8211; Mittwoch: 9.30 Uhr Lenas Krankengymnastik mit der gesamten Mannschaft und dann weiter in Richtung Ogenbargen, Esens und Dunum (Familie und Sandra besuchen *freu*)<\/p>\n<p>&#8211; Donnerstag: Morgens zum Hausarzt, meine am Dienstag schon bestellte \u00dcberweisung rausholen (neues Quartal und Neuro nimmt die 10 Euro nicht), dann zum \u00c4rztezentrum am RNK, mein (ebenfalls vorbestelltes) Rezept und meine (dito) Spritzen rausholen und oben beim Augenarzt den Wisch vom Gesundheitsamt f\u00fcr Jana ausf\u00fcllen lassen. Dann zum Kinderarzt, Lenas Impfung nachtragen lassen (will ich ja auch erst seit 5 Wochen) und den Wisch beim Gesundheitsamt einschmei\u00dfen. Nachmittags? Kein Schimmer.<\/p>\n<p align=\"center\"><a href=\"http:\/\/www.anthealein.de\/wp-content\/uploads\/2010\/03\/31032010.jpg\"><img loading=\"lazy\" decoding=\"async\" style=\"border-bottom: 0px; border-left: 0px; display: inline; border-top: 0px; border-right: 0px\" title=\"31032010\" border=\"0\" alt=\"31032010\" src=\"http:\/\/www.anthealein.de\/wp-content\/uploads\/2010\/03\/31032010_thumb.jpg\" width=\"504\" height=\"504\" \/><\/a><\/p>\n","protected":false},"excerpt":{"rendered":"<p>Heute waren wir ja im Bullermeck mit den M\u00e4dels von Janas Geburtsvorbereitungskurs. Die Jungsmamas stecken im Dilemma, weil ihre Jungs keine Lust auf diese Treffen mehr haben. Mal sehen, wie wir M\u00fctter das l\u00f6sen. Bis jetzt haben wir uns ja theoretisch jeden Monat mit Kindern getroffen und alle 3-4 Monate sind wir M\u00fctter alleine losgezogen. [&hellip;]<\/p>\n","protected":false},"author":1,"featured_media":0,"comment_status":"open","ping_status":"open","sticky":false,"template":"","format":"standard","meta":{"footnotes":""},"categories":[3],"tags":[],"class_list":["post-1384","post","type-post","status-publish","format-standard","hentry","category-alles-mogliche"],"_links":{"self":[{"href":"http:\/\/www.anthealein.de\/index.php?rest_route=\/wp\/v2\/posts\/1384","targetHints":{"allow":["GET"]}}],"collection":[{"href":"http:\/\/www.anthealein.de\/index.php?rest_route=\/wp\/v2\/posts"}],"about":[{"href":"http:\/\/www.anthealein.de\/index.php?rest_route=\/wp\/v2\/types\/post"}],"author":[{"embeddable":true,"href":"http:\/\/www.anthealein.de\/index.php?rest_route=\/wp\/v2\/users\/1"}],"replies":[{"embeddable":true,"href":"http:\/\/www.anthealein.de\/index.php?rest_route=%2Fwp%2Fv2%2Fcomments&post=1384"}],"version-history":[{"count":0,"href":"http:\/\/www.anthealein.de\/index.php?rest_route=\/wp\/v2\/posts\/1384\/revisions"}],"wp:attachment":[{"href":"http:\/\/www.anthealein.de\/index.php?rest_route=%2Fwp%2Fv2%2Fmedia&parent=1384"}],"wp:term":[{"taxonomy":"category","embeddable":true,"href":"http:\/\/www.anthealein.de\/index.php?rest_route=%2Fwp%2Fv2%2Fcategories&post=1384"},{"taxonomy":"post_tag","embeddable":true,"href":"http:\/\/www.anthealein.de\/index.php?rest_route=%2Fwp%2Fv2%2Ftags&post=1384"}],"curies":[{"name":"wp","href":"https:\/\/api.w.org\/{rel}","templated":true}]}}