{"id":1381,"date":"2010-03-30T20:21:33","date_gmt":"2010-03-30T19:21:33","guid":{"rendered":"http:\/\/www.anthealein.de\/?p=1381"},"modified":"2010-04-02T20:01:42","modified_gmt":"2010-04-02T19:01:42","slug":"jubelfreuhpf","status":"publish","type":"post","link":"http:\/\/www.anthealein.de\/?p=1381","title":{"rendered":"Jubelfreuh&uuml;pf"},"content":{"rendered":"<p>Jahaaaaaaaaaaaaaaaaaaaaaa, Susanne macht ab Donnerstag den Tagesmutterkurs *freustrahldurchdieGegendh\u00fcpf*. Einziges Problem: 3 Monate m\u00fcssen wir trotzdem \u00fcberbr\u00fccken, weil der Kurs 6 Monate geht. Und: noch wei\u00df sie nicht, ob Anne auf Janas Schule gehen darf oder nicht. Aber egal. Ab Oktober hat Lena die allerallerbeste Tagesmutter der Welt, die 3 Monate bis dahin \u00fcberbr\u00fccken wir und noch dazu kann Susanne falls Anne auf auch Janas Schule kommt, Jana auch mit abholen bei Bedarf (keine Panik, ich dr\u00fcck der armen Frau nix auf, der Vorschlag kam heute von ihr *g*)\u00a0 \ud83d\ude00<\/p>\n<p>Aber zu gestern: Wir waren 9 M\u00fctter und ich wei\u00df-nicht-wieviele Kinder. 5 kleine Kinder, die gro\u00dfen Kinder waren unm\u00f6glich durchzuz\u00e4hlen weil andauernd unterwegs. Und: es war richtig Klasse. Ich hab einige \u00dcberraschungen erlebt, hab gar nicht so viel mit denen gesprochen von denen ich eigentlich gedacht habe, das ich sie mal gerne kennen lernen w\u00fcrde (nicht negativ nehmen, nett waren sie alle!). Daf\u00fcr mit Sandra (die ich ja aus Bensersiel schon kenne) und mit Natascha (die im Forum irgendwie immer an mir vorbei gegangen ist *sch\u00e4m*). Und n\u00e4chste Woche Dienstag treffen wir uns in leicht ver\u00e4nderter Konstellation (einige k\u00f6nnen nicht, daf\u00fcr kommt Conny dazu *freu*) in der Spielestadt in Hohenkirchen gleich noch mal. Ist schon lustig, was f\u00fcr Bilder man sich zu den Frauen im Forum macht und wie sie dann real tats\u00e4chlich sind. Die meiste Zeit haben wir eigentlich nur gequatscht und sind hinter den Kleinen hinterher gerannt. Natascha und ich waren 2x rauchen und Natascha fiel fast vom Glauben ab, als sie mit ihrer Kleinen im Kleinkindbereich war, ich Lena rief weil ich eben nach unten zu Jana wollte und\u00a0Lena nur ihr \u201cNein\u201d mit Kopfsch\u00fctteln von sich gab. Aus Spa\u00df fragte Natascha Lena dann, ob sie bei ihr bleiben wolle und hielt die Arme auf und was machte mein Zwerg? Nat\u00fcrlich in ihre Arme rennen *g*. Das verdutzte Natascha dann doch arg *lach*, sie kennt Lena ja noch nicht \ud83d\ude00<\/p>\n<p>Jana war ja heute bei Jacks Geburtstag und Lena und ich haben in der Zeit auf dem Balkon gespielt und eben die Polly-Pocket-Sachen abgeholt, die ich bei Ebay f\u00fcr Jana ersteigert habe f\u00fcr Ostern. Und dabei fiel mir auf, das sie momentan einen Riesensprung im Sprachlichen macht. Sie quatscht jetzt alles, aber auch wirklich alles nach und kommentiert alles. Rote Autos sind nach wie vor \u201cT\u00fcta\u201d, alle \u00e4lteren Leute \u201cOma\u201d und \u201cOpa\u201d und als sie vorhin einen Mann sah und \u201cPapa\u201d von sich gab, erkl\u00e4rte ich ihr das es nicht Papa w\u00e4re, der m\u00fcsste Arbeiten \u201cArba (ihr Kommentar dazu)\u201d und hinterher zum Arzt \u201cArscht (dito)\u201d.<\/p>\n<p style=\"text-align: center;\"><a href=\"http:\/\/www.anthealein.de\/wp-content\/uploads\/2010\/03\/30032010.jpg\"><img loading=\"lazy\" decoding=\"async\" style=\"display: block; float: none; margin-left: auto; margin-right: auto; border: 0px;\" title=\"30032010\" src=\"http:\/\/www.anthealein.de\/wp-content\/uploads\/2010\/03\/30032010_thumb.jpg\" border=\"0\" alt=\"30032010\" width=\"504\" height=\"504\" \/><\/a>\u00a0<\/p>\n<p style=\"text-align: center;\"><a href=\"http:\/\/www.anthealein.de\/wp-content\/uploads\/2010\/03\/30032010II.jpg\"><img loading=\"lazy\" decoding=\"async\" style=\"display: inline; border: 0px;\" title=\"30032010II\" src=\"http:\/\/www.anthealein.de\/wp-content\/uploads\/2010\/03\/30032010II_thumb.jpg\" border=\"0\" alt=\"30032010II\" width=\"504\" height=\"504\" \/><\/a>\u00a0<\/p>\n<p style=\"text-align: center;\">\u00a0<\/p>\n<p style=\"text-align: center;\"><a href=\"http:\/\/www.anthealein.de\/wp-content\/uploads\/2010\/03\/30032010III.jpg\"><img loading=\"lazy\" decoding=\"async\" style=\"display: inline; border: 0px;\" title=\"30032010III\" src=\"http:\/\/www.anthealein.de\/wp-content\/uploads\/2010\/03\/30032010III_thumb.jpg\" border=\"0\" alt=\"30032010III\" width=\"504\" height=\"504\" \/><\/a><\/p>\n<p style=\"text-align: center;\">\u00a0<\/p>\n<p style=\"text-align: center;\"><a href=\"http:\/\/www.anthealein.de\/wp-content\/uploads\/2010\/03\/30032010IV.jpg\"><img loading=\"lazy\" decoding=\"async\" style=\"display: inline; border: 0px;\" title=\"30032010IV\" src=\"http:\/\/www.anthealein.de\/wp-content\/uploads\/2010\/03\/30032010IV_thumb.jpg\" border=\"0\" alt=\"30032010IV\" width=\"504\" height=\"504\" \/><\/a>\u00a0<br \/>\nMan beachte die Katze unter der Balkont\u00fcr \ud83d\ude00<\/p>\n<p style=\"text-align: center;\"><a href=\"http:\/\/www.anthealein.de\/wp-content\/uploads\/2010\/03\/30032010V.jpg\"><img loading=\"lazy\" decoding=\"async\" style=\"display: inline; border: 0px;\" title=\"30032010V\" src=\"http:\/\/www.anthealein.de\/wp-content\/uploads\/2010\/03\/30032010V_thumb.jpg\" border=\"0\" alt=\"30032010V\" width=\"504\" height=\"504\" \/><\/a><\/p>\n<p style=\"text-align: center;\">\u00a0<\/p>\n<p style=\"text-align: center;\"><a href=\"http:\/\/www.anthealein.de\/wp-content\/uploads\/2010\/03\/30032010VI.jpg\"><img loading=\"lazy\" decoding=\"async\" style=\"display: inline; border: 0px;\" title=\"30032010VI\" src=\"http:\/\/www.anthealein.de\/wp-content\/uploads\/2010\/03\/30032010VI_thumb.jpg\" border=\"0\" alt=\"30032010VI\" width=\"504\" height=\"504\" \/><\/a><br \/>\nJa, sie versucht tats\u00e4chlich, einer Polly Pocket Puppe die Schuhe wieder anzuziehen :shock_tb:<\/p>\n<p style=\"text-align: center;\"><a href=\"http:\/\/www.anthealein.de\/wp-content\/uploads\/2010\/03\/30032010VII.jpg\"><img loading=\"lazy\" decoding=\"async\" style=\"display: inline; border: 0px;\" title=\"30032010VII\" src=\"http:\/\/www.anthealein.de\/wp-content\/uploads\/2010\/03\/30032010VII_thumb.jpg\" border=\"0\" alt=\"30032010VII\" width=\"504\" height=\"504\" \/><\/a><\/p>\n","protected":false},"excerpt":{"rendered":"<p>Jahaaaaaaaaaaaaaaaaaaaaaa, Susanne macht ab Donnerstag den Tagesmutterkurs *freustrahldurchdieGegendh\u00fcpf*. Einziges Problem: 3 Monate m\u00fcssen wir trotzdem \u00fcberbr\u00fccken, weil der Kurs 6 Monate geht. Und: noch wei\u00df sie nicht, ob Anne auf Janas Schule gehen darf oder nicht. Aber egal. Ab Oktober hat Lena die allerallerbeste Tagesmutter der Welt, die 3 Monate bis dahin \u00fcberbr\u00fccken wir und [&hellip;]<\/p>\n","protected":false},"author":1,"featured_media":0,"comment_status":"open","ping_status":"open","sticky":false,"template":"","format":"standard","meta":{"footnotes":""},"categories":[3],"tags":[],"class_list":["post-1381","post","type-post","status-publish","format-standard","hentry","category-alles-mogliche"],"_links":{"self":[{"href":"http:\/\/www.anthealein.de\/index.php?rest_route=\/wp\/v2\/posts\/1381","targetHints":{"allow":["GET"]}}],"collection":[{"href":"http:\/\/www.anthealein.de\/index.php?rest_route=\/wp\/v2\/posts"}],"about":[{"href":"http:\/\/www.anthealein.de\/index.php?rest_route=\/wp\/v2\/types\/post"}],"author":[{"embeddable":true,"href":"http:\/\/www.anthealein.de\/index.php?rest_route=\/wp\/v2\/users\/1"}],"replies":[{"embeddable":true,"href":"http:\/\/www.anthealein.de\/index.php?rest_route=%2Fwp%2Fv2%2Fcomments&post=1381"}],"version-history":[{"count":3,"href":"http:\/\/www.anthealein.de\/index.php?rest_route=\/wp\/v2\/posts\/1381\/revisions"}],"predecessor-version":[{"id":1394,"href":"http:\/\/www.anthealein.de\/index.php?rest_route=\/wp\/v2\/posts\/1381\/revisions\/1394"}],"wp:attachment":[{"href":"http:\/\/www.anthealein.de\/index.php?rest_route=%2Fwp%2Fv2%2Fmedia&parent=1381"}],"wp:term":[{"taxonomy":"category","embeddable":true,"href":"http:\/\/www.anthealein.de\/index.php?rest_route=%2Fwp%2Fv2%2Fcategories&post=1381"},{"taxonomy":"post_tag","embeddable":true,"href":"http:\/\/www.anthealein.de\/index.php?rest_route=%2Fwp%2Fv2%2Ftags&post=1381"}],"curies":[{"name":"wp","href":"https:\/\/api.w.org\/{rel}","templated":true}]}}