{"id":1353,"date":"2010-03-26T20:28:23","date_gmt":"2010-03-26T19:28:23","guid":{"rendered":"http:\/\/www.anthealein.de\/?p=1353"},"modified":"2010-03-26T20:28:23","modified_gmt":"2010-03-26T19:28:23","slug":"wschemonster-die-2","status":"publish","type":"post","link":"http:\/\/www.anthealein.de\/?p=1353","title":{"rendered":"W&auml;schemonster die 2. :)"},"content":{"rendered":"<p>Mein W\u00e4schepuff war heute Mittag nicht halb voll. Warum? Weil er heute morgen schon wieder so voll war, das ich um kurz nach 10 Uhr (als ich die Handt\u00fccher noch dazu packen musste) die erste Maschine angemacht habe *g*<\/p>\n<p>Ansonsten war die Nacht kurz (Lena von kurz nach 23 Uhr \u2013 kurz vor 4 Uhr wach) und d\u00f6sig, weil Lena sich selbst im Schlaf immer \u00fcber mich r\u00fcber rollen und selbstm\u00f6rderisch aus dem Bett st\u00fcrzen wollte. Sooooooooo schlimm sind wir und die kommenden Z\u00e4hne ja nu auch nicht. <\/p>\n<p>Der Tag war daf\u00fcr umso l\u00e4nger, weil Lena nach der Nacht nat\u00fcrlich kein kleines Engelchen war sondern eher ein hungriger B\u00e4r, aber nu ist er ja auch geschafft. Nur Oma hing\/h\u00e4ngt nach der Woche in Dresden wegen Zugausfall irgendwo bei Braunschweig fest und wartet jetzt auf Z\u00fcge, die sie nach Hause bringen.<\/p>\n<p>Ich geh dann mal die Kindergarten-Homepage fertig basteln, bevor ich mich morgen an die Einkommensteuer setze *seufz*<\/p>\n<p align=\"center\"><a href=\"http:\/\/www.anthealein.de\/wp-content\/uploads\/2010\/03\/26032010.jpg\"><img loading=\"lazy\" decoding=\"async\" style=\"border-bottom: 0px; border-left: 0px; display: inline; border-top: 0px; border-right: 0px\" title=\"26032010\" border=\"0\" alt=\"26032010\" src=\"http:\/\/www.anthealein.de\/wp-content\/uploads\/2010\/03\/26032010_thumb.jpg\" width=\"504\" height=\"504\" \/><\/a><\/p>\n","protected":false},"excerpt":{"rendered":"<p>Mein W\u00e4schepuff war heute Mittag nicht halb voll. Warum? Weil er heute morgen schon wieder so voll war, das ich um kurz nach 10 Uhr (als ich die Handt\u00fccher noch dazu packen musste) die erste Maschine angemacht habe *g* Ansonsten war die Nacht kurz (Lena von kurz nach 23 Uhr \u2013 kurz vor 4 Uhr [&hellip;]<\/p>\n","protected":false},"author":1,"featured_media":0,"comment_status":"open","ping_status":"open","sticky":false,"template":"","format":"standard","meta":{"footnotes":""},"categories":[3],"tags":[],"class_list":["post-1353","post","type-post","status-publish","format-standard","hentry","category-alles-mogliche"],"_links":{"self":[{"href":"http:\/\/www.anthealein.de\/index.php?rest_route=\/wp\/v2\/posts\/1353","targetHints":{"allow":["GET"]}}],"collection":[{"href":"http:\/\/www.anthealein.de\/index.php?rest_route=\/wp\/v2\/posts"}],"about":[{"href":"http:\/\/www.anthealein.de\/index.php?rest_route=\/wp\/v2\/types\/post"}],"author":[{"embeddable":true,"href":"http:\/\/www.anthealein.de\/index.php?rest_route=\/wp\/v2\/users\/1"}],"replies":[{"embeddable":true,"href":"http:\/\/www.anthealein.de\/index.php?rest_route=%2Fwp%2Fv2%2Fcomments&post=1353"}],"version-history":[{"count":0,"href":"http:\/\/www.anthealein.de\/index.php?rest_route=\/wp\/v2\/posts\/1353\/revisions"}],"wp:attachment":[{"href":"http:\/\/www.anthealein.de\/index.php?rest_route=%2Fwp%2Fv2%2Fmedia&parent=1353"}],"wp:term":[{"taxonomy":"category","embeddable":true,"href":"http:\/\/www.anthealein.de\/index.php?rest_route=%2Fwp%2Fv2%2Fcategories&post=1353"},{"taxonomy":"post_tag","embeddable":true,"href":"http:\/\/www.anthealein.de\/index.php?rest_route=%2Fwp%2Fv2%2Ftags&post=1353"}],"curies":[{"name":"wp","href":"https:\/\/api.w.org\/{rel}","templated":true}]}}