{"id":1323,"date":"2010-03-23T21:16:00","date_gmt":"2010-03-23T20:16:00","guid":{"rendered":"http:\/\/www.anthealein.de\/?p=1323"},"modified":"2010-03-23T21:16:00","modified_gmt":"2010-03-23T20:16:00","slug":"tagesmutter-oder-kinderfrau","status":"publish","type":"post","link":"http:\/\/www.anthealein.de\/?p=1323","title":{"rendered":"Tagesmutter oder Kinderfrau?"},"content":{"rendered":"<p>Das ist hier die Frage. Da war n\u00e4mlich doch die \u201c<a href=\"http:\/\/www.anthealein.de\/?p=1146\" target=\"_blank\">Alle-sind-willkommen<\/a>\u201d-Familie und als ich Jana zum Kindergeburtstag Freitag dahin gebracht hab und Lena sich offensichtlich mal wieder auf Anhieb pudelwohl f\u00fchlte, hab ich Susanne halb scherzhaft gefragt, ob sie nicht Lenas Tagesmutter sein m\u00f6chte. <\/p>\n<p>Heute stellte sich heraus: w\u00fcrde sie gerne. Problem ist der n\u00f6tige Tagespflegekurs, danach ist man ja selbstst\u00e4ndig und muss sich alleine versichern, etc., etc., etc.\u2026 Evtl. L\u00f6sung: ich m\u00fcsste sie bei der Minijob-Zentrale anmelden und sie als Kinderfrau \u201canstellen\u201d. Wir machen uns beide mal schlau und durchdenken das. Einen Tagespflegekurs will sie eigentlich eh schon l\u00e4nger machen und wenn der rechtzeitig bis Juli durch w\u00e4re, w\u00e4re das nat\u00fcrlich die sauberste und einfachste L\u00f6sung und vor allem k\u00f6nnte sie nach Lena weiterhin Kinder betreuen. Hach, m\u00fcssen wir mal sehen \ud83d\ude42 Und sofern Anne und Jana auf die gleiche Schule kommen, m\u00fcsste ich Jana nicht mal f\u00fcr den Nachmittagsunterricht anmelden \ud83d\ude00<\/p>\n<p>Lena zahnt mit aller Macht. Erst bekam der Zwerg ja so gar keine Z\u00e4hne, dann gaaaaaaanz sp\u00e4t mal die Schneidez\u00e4hne und jetzt brechen irgendwie alle Backenz\u00e4hne gleichzeitig mit allem Elend durch. Unten rechts und oben links ist jeweils einer schon durch, der Rest qu\u00e4lt sich (und vor allem mich und meine Waschmaschine bei dem L\u00e4tzchenverbrauch) noch.<\/p>\n<p>Morgen fr\u00fch kommt Bine, morgen Mittag m\u00fcssen wir dann Anna und Jana holen und in Richtung Kurpark spazieren (ja Bine, du auch *fg*), wo Kerstin Anna dann gegen 15 Uhr einsammeln wird. Die Kinder wollen schon seit Tagen zusammen Enten f\u00fcttern und so haben wir das f\u00fcr morgen mal angesetzt. <\/p>\n<p>Donnerstag fr\u00fch kommt dann Valeska, um Jana zum Geschwistertag in den Kiga zu begleiten und wird mit Sicherheit auch bis Abends hier bleiben *freu*.<\/p>\n<p>Freitag schlie\u00dflich ist morgens Ostereiersuchen am S\u00fcdstrand im Kiga, nachmittags (oder Samstag) wollte evtl. Bruderherz vorbeischauen. <\/p>\n<p>Samstag wollte dann vielleicht Chris\u2019 Onkel vorbeikommen, evtl. falls er es Freitag nicht schafft Bruderherz und Oma und Opa lassen sich bestimmt auch blicken. <\/p>\n<p>Sonntag: Ruhe oder so \ud83d\ude00<\/p>\n<p>Montag: Schnullitreff in Oldenburg, 3 Zicken und 2 M\u00fctter in einem Auto. Das kann lustig werden *g*<\/p>\n<p>Dienstag: Jacks Geburtstagsfeier (Geschenk besprechen Kerstin und ich noch, evtl. besorgt sie)<\/p>\n<p>Mittwoch: GVK-Treff im Bullermeck in Hooksiel (wurde heute verlegt) und eigentlich wollte Frank mit Familie auch vorbei kommen. Mal schauen, ob Frank auch Dienstag kann (da w\u00e4re ja nur Jana unten im Kiga). <\/p>\n<p>Irgendwo zwischen den ganzen Terminen wollte Nicoles Mann Marcel auch noch vorbeikommen und das Ganze auch noch mit zahnendem Mini-Monster :shock_tb: .<\/p>\n<p>Aber wenigstens die Kindergartenhomepage ist bis auf die Bilder vom Karneval 2009 und Karneval 2010 fast fertig (na ok, die Liste mit dem \u201cWas ist neu\u201d muss ich dann auch noch aktualisieren, wenn alles steht).<\/p>\n<p align=\"center\"><a href=\"http:\/\/www.anthealein.de\/wp-content\/uploads\/2010\/03\/23032010.jpg\"><img loading=\"lazy\" decoding=\"async\" style=\"border-bottom: 0px; border-left: 0px; display: inline; border-top: 0px; border-right: 0px\" title=\"23032010\" border=\"0\" alt=\"23032010\" src=\"http:\/\/www.anthealein.de\/wp-content\/uploads\/2010\/03\/23032010_thumb.jpg\" width=\"504\" height=\"504\" \/><\/a> <\/p>\n<p align=\"center\">&#160;<\/p>\n<p align=\"center\"><a href=\"http:\/\/www.anthealein.de\/wp-content\/uploads\/2010\/03\/23032010II.jpg\"><img loading=\"lazy\" decoding=\"async\" style=\"border-bottom: 0px; border-left: 0px; display: inline; border-top: 0px; border-right: 0px\" title=\"23032010II\" border=\"0\" alt=\"23032010II\" src=\"http:\/\/www.anthealein.de\/wp-content\/uploads\/2010\/03\/23032010II_thumb.jpg\" width=\"504\" height=\"504\" \/><\/a> <\/p>\n<p align=\"center\">&#160;<\/p>\n<p align=\"center\"><a href=\"http:\/\/www.anthealein.de\/wp-content\/uploads\/2010\/03\/23032010III.jpg\"><img loading=\"lazy\" decoding=\"async\" style=\"border-bottom: 0px; border-left: 0px; display: inline; border-top: 0px; border-right: 0px\" title=\"23032010III\" border=\"0\" alt=\"23032010III\" src=\"http:\/\/www.anthealein.de\/wp-content\/uploads\/2010\/03\/23032010III_thumb.jpg\" width=\"504\" height=\"504\" \/><\/a><\/p>\n","protected":false},"excerpt":{"rendered":"<p>Das ist hier die Frage. Da war n\u00e4mlich doch die \u201cAlle-sind-willkommen\u201d-Familie und als ich Jana zum Kindergeburtstag Freitag dahin gebracht hab und Lena sich offensichtlich mal wieder auf Anhieb pudelwohl f\u00fchlte, hab ich Susanne halb scherzhaft gefragt, ob sie nicht Lenas Tagesmutter sein m\u00f6chte. Heute stellte sich heraus: w\u00fcrde sie gerne. Problem ist der n\u00f6tige [&hellip;]<\/p>\n","protected":false},"author":1,"featured_media":0,"comment_status":"open","ping_status":"open","sticky":false,"template":"","format":"standard","meta":{"footnotes":""},"categories":[3],"tags":[],"class_list":["post-1323","post","type-post","status-publish","format-standard","hentry","category-alles-mogliche"],"_links":{"self":[{"href":"http:\/\/www.anthealein.de\/index.php?rest_route=\/wp\/v2\/posts\/1323","targetHints":{"allow":["GET"]}}],"collection":[{"href":"http:\/\/www.anthealein.de\/index.php?rest_route=\/wp\/v2\/posts"}],"about":[{"href":"http:\/\/www.anthealein.de\/index.php?rest_route=\/wp\/v2\/types\/post"}],"author":[{"embeddable":true,"href":"http:\/\/www.anthealein.de\/index.php?rest_route=\/wp\/v2\/users\/1"}],"replies":[{"embeddable":true,"href":"http:\/\/www.anthealein.de\/index.php?rest_route=%2Fwp%2Fv2%2Fcomments&post=1323"}],"version-history":[{"count":0,"href":"http:\/\/www.anthealein.de\/index.php?rest_route=\/wp\/v2\/posts\/1323\/revisions"}],"wp:attachment":[{"href":"http:\/\/www.anthealein.de\/index.php?rest_route=%2Fwp%2Fv2%2Fmedia&parent=1323"}],"wp:term":[{"taxonomy":"category","embeddable":true,"href":"http:\/\/www.anthealein.de\/index.php?rest_route=%2Fwp%2Fv2%2Fcategories&post=1323"},{"taxonomy":"post_tag","embeddable":true,"href":"http:\/\/www.anthealein.de\/index.php?rest_route=%2Fwp%2Fv2%2Ftags&post=1323"}],"curies":[{"name":"wp","href":"https:\/\/api.w.org\/{rel}","templated":true}]}}