{"id":1309,"date":"2010-03-22T21:56:02","date_gmt":"2010-03-22T20:56:02","guid":{"rendered":"http:\/\/www.anthealein.de\/?p=1309"},"modified":"2010-03-22T22:07:19","modified_gmt":"2010-03-22T21:07:19","slug":"tagesmuttersuche","status":"publish","type":"post","link":"http:\/\/www.anthealein.de\/?p=1309","title":{"rendered":"Tagesmuttersuche"},"content":{"rendered":"<p>Ich kopier mal faul aus einem Post, den ich im Forum schrieb \ud83d\ude42<\/p>\n<p>Die Tagesmutter war heute ein voller Erfolg.\u00a0Dank der Ferien durfte ich 3 ihrer 4 Kinder kennenlernen. Die beiden Gro\u00dfen sind schon au\u00dfer Haus und haben jeweils ein Kind (6 Wochen alt *schmelz* und 3 Jahre). Der 3j\u00e4hrige ist regelm\u00e4\u00dfig da und wurde gleich von Lena verg\u00f6ttert. Die Tagesmutter ist alleinerziehend, das andere Tageskind 6 Monate j\u00fcnger als Lena mit Herzproblemen. Ihre 13-j\u00e4hrige Tochter hat Lena mal eben den 7. Hello-Kitty-Himmel beschert und allgemein war eine ganz tolle, liebevolle Stimmung in dem Haushalt. Z.B. kam die \u00e4lteste Tochter mit dem 3-j\u00e4hrigen als wir schon eine Stunde da waren und schnappte sich das Tageskind um die zu dr\u00fccken und mit ihr rumzutoben. So wie die Kurze reagierte, konnte man schon merken, das sie das wohl \u00f6fter machen und dieses &#8222;in die Familie&#8220; aufnehmende, liebevolle nicht nur gespielt war.<\/p>\n<p>Sofern das Wetter mitspielt, geht die Tagesmutter mit den Kindern raus. Hinterm Mietshaus sind G\u00e4rten, ihrer mit Sandkasten, Schaukel und Rutsche best\u00fcckt. Sie w\u00fcrde aber auch gerne, falls ich nichts dagegen h\u00e4tte (*piepvogelzeig*) mit den Kindern im Sommer in den Park oder an den Strand gehen (5 min. von unserer Wohnung weg, als ob ich da was dagegen h\u00e4tte *g*). Zwillingsbuggy ist vorhanden.<\/p>\n<p>Und als dann f\u00fcr mich die Entscheidung eigentlich schon gefallen war, fragte ich mal vorsichtig nach, was sie denn nehmen w\u00fcrde. Und da kam dann der Hammer: 3 Euro die Stunde :shock_tb: Sie schickt dem Jugendamt die Stundenzettel, das Jugendamt rechnet dann aus was sie von denen bekommt und die 60% die sie von mir noch bekommt. Bei der Stundenzahl ist sie damit deutlich billiger f\u00fcr mich als s\u00e4mtliche Krippen mit Halbtagsplatz hier und dabei geht Lena Freitags sogar den ganzen Tag zu ihr\u00a0:clap:\u00a0\u00a0\u00a0<\/p>\n<p>Mitte Mai beginnen wir dann mal mit der Eingew\u00f6hnung *freu*<\/p>\n<p>Ansonsten hab ich heute schnell geputzt nach dem ich Jana aus dem Kiga abgeholt hatte (von 9 bis 12.20 Uhr war ich unterwegs zur\/bei der Tagesmutter) und danach war wir drau\u00dfen. Ab zu Fu\u00df zum Kurpark, Enten f\u00fcttern, den Spielplatz st\u00fcrmen und dann wieder nach Hause gelaufen.<\/p>\n<p><a href=\"http:\/\/www.anthealein.de\/wp-content\/uploads\/2010\/03\/22032010.jpg\"><img loading=\"lazy\" decoding=\"async\" style=\"display: inline; border: 0px;\" title=\"22032010\" src=\"http:\/\/www.anthealein.de\/wp-content\/uploads\/2010\/03\/22032010_thumb.jpg\" border=\"0\" alt=\"22032010\" width=\"504\" height=\"504\" \/><\/a><\/p>\n<p><a href=\"http:\/\/www.anthealein.de\/wp-content\/uploads\/2010\/03\/22032010II.jpg\"><img loading=\"lazy\" decoding=\"async\" style=\"display: inline; border: 0px;\" title=\"22032010II\" src=\"http:\/\/www.anthealein.de\/wp-content\/uploads\/2010\/03\/22032010II_thumb.jpg\" border=\"0\" alt=\"22032010II\" width=\"504\" height=\"504\" \/><\/a><\/p>\n","protected":false},"excerpt":{"rendered":"<p>Ich kopier mal faul aus einem Post, den ich im Forum schrieb \ud83d\ude42 Die Tagesmutter war heute ein voller Erfolg.\u00a0Dank der Ferien durfte ich 3 ihrer 4 Kinder kennenlernen. Die beiden Gro\u00dfen sind schon au\u00dfer Haus und haben jeweils ein Kind (6 Wochen alt *schmelz* und 3 Jahre). Der 3j\u00e4hrige ist regelm\u00e4\u00dfig da und wurde [&hellip;]<\/p>\n","protected":false},"author":1,"featured_media":0,"comment_status":"open","ping_status":"open","sticky":false,"template":"","format":"standard","meta":{"footnotes":""},"categories":[3],"tags":[],"class_list":["post-1309","post","type-post","status-publish","format-standard","hentry","category-alles-mogliche"],"_links":{"self":[{"href":"http:\/\/www.anthealein.de\/index.php?rest_route=\/wp\/v2\/posts\/1309","targetHints":{"allow":["GET"]}}],"collection":[{"href":"http:\/\/www.anthealein.de\/index.php?rest_route=\/wp\/v2\/posts"}],"about":[{"href":"http:\/\/www.anthealein.de\/index.php?rest_route=\/wp\/v2\/types\/post"}],"author":[{"embeddable":true,"href":"http:\/\/www.anthealein.de\/index.php?rest_route=\/wp\/v2\/users\/1"}],"replies":[{"embeddable":true,"href":"http:\/\/www.anthealein.de\/index.php?rest_route=%2Fwp%2Fv2%2Fcomments&post=1309"}],"version-history":[{"count":7,"href":"http:\/\/www.anthealein.de\/index.php?rest_route=\/wp\/v2\/posts\/1309\/revisions"}],"predecessor-version":[{"id":1316,"href":"http:\/\/www.anthealein.de\/index.php?rest_route=\/wp\/v2\/posts\/1309\/revisions\/1316"}],"wp:attachment":[{"href":"http:\/\/www.anthealein.de\/index.php?rest_route=%2Fwp%2Fv2%2Fmedia&parent=1309"}],"wp:term":[{"taxonomy":"category","embeddable":true,"href":"http:\/\/www.anthealein.de\/index.php?rest_route=%2Fwp%2Fv2%2Fcategories&post=1309"},{"taxonomy":"post_tag","embeddable":true,"href":"http:\/\/www.anthealein.de\/index.php?rest_route=%2Fwp%2Fv2%2Ftags&post=1309"}],"curies":[{"name":"wp","href":"https:\/\/api.w.org\/{rel}","templated":true}]}}