{"id":1301,"date":"2010-03-20T22:01:07","date_gmt":"2010-03-20T21:01:07","guid":{"rendered":"http:\/\/www.anthealein.de\/?p=1301"},"modified":"2010-03-20T22:01:07","modified_gmt":"2010-03-20T21:01:07","slug":"ist-wirklich-schon-wieder-fast-sonntag","status":"publish","type":"post","link":"http:\/\/www.anthealein.de\/?p=1301","title":{"rendered":"Ist wirklich schon wieder fast Sonntag?"},"content":{"rendered":"<p>Diese Woche ging irgendwie noch schneller um und ich hab schon wieder nur die H\u00e4lfte geschafft *grummel* (Einkommenssteuer wird dann demn\u00e4chst gemacht, Kiga-Homepage ist ein Teil fertig). <\/p>\n<p>Jana beschloss gestern morgen, das es ihr doch eigentlich gut genug ginge um mit Anne (die Tochter der \u201c<a href=\"http:\/\/www.anthealein.de\/?p=1146\" target=\"_blank\">Alle-sind-willkommen<\/a>\u201d-Familie) deren Geburtstag im Schwimmbad zu feiern und um das zu beweisen, ging sie morgens in den Kindergarten. Da sie dort auch flei\u00dfig durchhielt und es ihr augenscheinlich bis auf ein wenig Schnupfen gut ging, durfte sie dann auch gestern Nachmittag mitfeiern und kam abends dann fast zeitgleich mit Marc und Sandra2 hier an \ud83d\ude42 Bleibende Sch\u00e4den oder Verschlimmerungen der Erk\u00e4ltung: keine \ud83d\ude00<\/p>\n<p>Heute war dann nur das \u00fcbliche Get\u00fcdel morgens, mittags sind wir dann einkaufen gefahren und danach noch kurz bei Oma und Opa vorbei, uns von Oma verabschieden (die f\u00e4hrt morgen n\u00e4mlich nach Dresden, w\u00e4hrend Opa hier Gulasch zu essen bekommt). <\/p>\n<p>Tagesmuttertechnisch f\u00fchl ich mich gerade wie eine Spinne. Einerseits ist da ja die, die wir uns Montag ansehen (bei der ich aber am Telefon so ein gemischtes Gef\u00fchl hatte). Dann waren Lena und ich gestern Nachmittag unten auf dem Kigaspielplatz beim Schnuppernachmittag (einfach so, sie f\u00e4ngt erst nach dem Sommer an) und da war eine Mama, die mir gleich super sympathisch und auf einer Wellenl\u00e4nge mit mir war. Die hat nun schon eine Tagesmutter, laut ihr nicht \u201cverz\u00e4rtelnd\u201d und t\u00e4glich mit den Kindern drau\u00dfen. Nicht jedermanns Sache, sagte sie und damit wahrscheinlich genau meine *lach*. Und auch noch im n\u00e4heren Umkreis. Falls mir die am Montag also nicht gef\u00e4llt, frag ich sie nach der Adresse der anderen Tagesmutter (da wird ja im Sommer der Platz frei). Und dann war da noch Bine, die die Horrormeldung brachte, das sie ab Mittwoch Urlaub hat und ab Anfang April wieder arbeitslos ist \ud83d\ude41 Wenn jetzt auch noch Gabi meldet nach ihrer Fortbildung, das sie keine Arbeit bekommt ist das Chaos perfekt. Oder das Auffangnetz f\u00fcr mich und die Kinder *seufz*<\/p>\n<p align=\"center\"><a href=\"http:\/\/www.anthealein.de\/wp-content\/uploads\/2010\/03\/20032010.jpg\"><img loading=\"lazy\" decoding=\"async\" style=\"border-bottom: 0px; border-left: 0px; display: inline; border-top: 0px; border-right: 0px\" title=\"20032010\" border=\"0\" alt=\"20032010\" src=\"http:\/\/www.anthealein.de\/wp-content\/uploads\/2010\/03\/20032010_thumb.jpg\" width=\"504\" height=\"504\" \/><\/a><\/p>\n","protected":false},"excerpt":{"rendered":"<p>Diese Woche ging irgendwie noch schneller um und ich hab schon wieder nur die H\u00e4lfte geschafft *grummel* (Einkommenssteuer wird dann demn\u00e4chst gemacht, Kiga-Homepage ist ein Teil fertig). Jana beschloss gestern morgen, das es ihr doch eigentlich gut genug ginge um mit Anne (die Tochter der \u201cAlle-sind-willkommen\u201d-Familie) deren Geburtstag im Schwimmbad zu feiern und um das [&hellip;]<\/p>\n","protected":false},"author":1,"featured_media":0,"comment_status":"open","ping_status":"open","sticky":false,"template":"","format":"standard","meta":{"footnotes":""},"categories":[3],"tags":[],"class_list":["post-1301","post","type-post","status-publish","format-standard","hentry","category-alles-mogliche"],"_links":{"self":[{"href":"http:\/\/www.anthealein.de\/index.php?rest_route=\/wp\/v2\/posts\/1301","targetHints":{"allow":["GET"]}}],"collection":[{"href":"http:\/\/www.anthealein.de\/index.php?rest_route=\/wp\/v2\/posts"}],"about":[{"href":"http:\/\/www.anthealein.de\/index.php?rest_route=\/wp\/v2\/types\/post"}],"author":[{"embeddable":true,"href":"http:\/\/www.anthealein.de\/index.php?rest_route=\/wp\/v2\/users\/1"}],"replies":[{"embeddable":true,"href":"http:\/\/www.anthealein.de\/index.php?rest_route=%2Fwp%2Fv2%2Fcomments&post=1301"}],"version-history":[{"count":0,"href":"http:\/\/www.anthealein.de\/index.php?rest_route=\/wp\/v2\/posts\/1301\/revisions"}],"wp:attachment":[{"href":"http:\/\/www.anthealein.de\/index.php?rest_route=%2Fwp%2Fv2%2Fmedia&parent=1301"}],"wp:term":[{"taxonomy":"category","embeddable":true,"href":"http:\/\/www.anthealein.de\/index.php?rest_route=%2Fwp%2Fv2%2Fcategories&post=1301"},{"taxonomy":"post_tag","embeddable":true,"href":"http:\/\/www.anthealein.de\/index.php?rest_route=%2Fwp%2Fv2%2Ftags&post=1301"}],"curies":[{"name":"wp","href":"https:\/\/api.w.org\/{rel}","templated":true}]}}