{"id":1288,"date":"2010-03-17T20:39:32","date_gmt":"2010-03-17T19:39:32","guid":{"rendered":"http:\/\/www.anthealein.de\/?p=1288"},"modified":"2010-03-17T20:39:32","modified_gmt":"2010-03-17T19:39:32","slug":"endlich-besseres-wetter","status":"publish","type":"post","link":"http:\/\/www.anthealein.de\/?p=1288","title":{"rendered":"Endlich besseres Wetter&hellip;"},"content":{"rendered":"<p>\u2026 das wir auch direkt und sofort genutzt haben, um mal wieder zu Fu\u00df in die Stadt zu gehen, um die paar Teile einzukaufen, die wir brauchten. <\/p>\n<p>Heute morgen mussten Lena und ich aber dennoch das Auto bewegen: Krankengymnastik stand an. Torge, der nach uns dran kommt war zu fr\u00fch mit seiner Mutter und so konnten die beiden noch ein wenig zusammen spielen. Torge darf sogar Lenas hei\u00dfgeliebten Hasi haben *g*. Da f\u00e4llt mir ein: hatte ich schon erw\u00e4hnt, das mich irgend jemand in 20 Jahren an den 12.03.2010 erinnern soll, falls Lena einen 10 Jahre \u00e4lteren Mann anschleppt? Wir sind doch am Freitag zum Geburtstag von Line mit dem Bus gefahren und Lena und ein ca. 12j\u00e4hriger Junge konnten ihre Blicke nicht voneinander l\u00f6sen. W\u00e4ren die beiden 15 Jahre \u00e4lter min. gewesen h\u00e4tte ich glatt an Liebe auf den ersten Blick gedacht *g*.<\/p>\n<p>Wir sind dann also heute mal wieder zu Fu\u00df losgezogen, ich hab heute mal NICHT gebacken oder geputzt (na, bis auf das N\u00f6tigste halt) und Lena hat heute nur ein wenig gen\u00f6rgelt und Bl\u00f6dsinn gemacht. Seit ein paar Tagen holt sie sich den Tritt aus dem Badezimmer, um auf den Wohnzimmertisch zu klettern, sich dort an der \u00e4u\u00dfersten Ecke zu positionieren und mir Herzinfarkte zu bereiten :shock_tb: Jana war in dem Alter noch lange nicht so kletterfreudig und vor allem war Jana ja auch schon laufsicherer, bevor sie rumkletterte. Und auch sonst tut Lena alles, um gegens\u00e4tzlich zu ihrer Schwester zu sein. Lieblingswort unterwegs: Auto (und Auto, Auto, Auto). Aber auch T\u00fcta durfte sie heute sehen, Gack Gack sind uns unterwegs nat\u00fcrlich auch begegnet und ein paar Hasssiii gab es in der Nordseepassage. Und dann war da die laufende Handtasche mit langen Haaren, die Jana hartn\u00e4ckig Miau nannte, obwohl es doch eigentlich ein Wau Wau war *lach*. Jana hat mich damals irre gemacht mit ihren As und Bs, die sie \u00fcberall suchte und fand. Bei Lena sind es Nullen. H&amp;M macht echt Spa\u00df, wenn der Zwerg bei so gut wie jedem Preisschild Nuuuuuuuuuuuull durch den Laden ruft :shock_tb:<\/p>\n<p>&#160; <\/p>\n<p align=\"center\"><a href=\"http:\/\/www.anthealein.de\/wp-content\/uploads\/2010\/03\/17032010II.jpg\"><img loading=\"lazy\" decoding=\"async\" style=\"border-right-width: 0px; display: inline; border-top-width: 0px; border-bottom-width: 0px; border-left-width: 0px\" title=\"17032010II\" border=\"0\" alt=\"17032010II\" src=\"http:\/\/www.anthealein.de\/wp-content\/uploads\/2010\/03\/17032010II_thumb.jpg\" width=\"504\" height=\"504\" \/><\/a>&#160; <\/p>\n<p align=\"center\">&#160;<\/p>\n<p align=\"center\"><a href=\"http:\/\/www.anthealein.de\/wp-content\/uploads\/2010\/03\/17032010III.jpg\"><img loading=\"lazy\" decoding=\"async\" style=\"border-right-width: 0px; display: inline; border-top-width: 0px; border-bottom-width: 0px; border-left-width: 0px\" title=\"17032010III\" border=\"0\" alt=\"17032010III\" src=\"http:\/\/www.anthealein.de\/wp-content\/uploads\/2010\/03\/17032010III_thumb.jpg\" width=\"504\" height=\"504\" \/><\/a><\/p>\n<p align=\"center\">&#160;<\/p>\n<p align=\"center\"><a href=\"http:\/\/www.anthealein.de\/wp-content\/uploads\/2010\/03\/17032010IV.jpg\"><img loading=\"lazy\" decoding=\"async\" style=\"border-right-width: 0px; display: inline; border-top-width: 0px; border-bottom-width: 0px; border-left-width: 0px\" title=\"17032010IV\" border=\"0\" alt=\"17032010IV\" src=\"http:\/\/www.anthealein.de\/wp-content\/uploads\/2010\/03\/17032010IV_thumb.jpg\" width=\"504\" height=\"504\" \/><\/a><\/p>\n<p align=\"center\">&#160;<\/p>\n<p align=\"center\">&#160;<\/p>\n<p align=\"center\"><a href=\"http:\/\/www.anthealein.de\/wp-content\/uploads\/2010\/03\/17032010.jpg\"><img loading=\"lazy\" decoding=\"async\" style=\"border-bottom: 0px; border-left: 0px; display: inline; border-top: 0px; border-right: 0px\" title=\"17032010\" border=\"0\" alt=\"17032010\" src=\"http:\/\/www.anthealein.de\/wp-content\/uploads\/2010\/03\/17032010_thumb.jpg\" width=\"504\" height=\"504\" \/><\/a>&#160; <br \/>Happy Birthday, Dad :herz:<\/p>\n","protected":false},"excerpt":{"rendered":"<p>\u2026 das wir auch direkt und sofort genutzt haben, um mal wieder zu Fu\u00df in die Stadt zu gehen, um die paar Teile einzukaufen, die wir brauchten. Heute morgen mussten Lena und ich aber dennoch das Auto bewegen: Krankengymnastik stand an. Torge, der nach uns dran kommt war zu fr\u00fch mit seiner Mutter und so [&hellip;]<\/p>\n","protected":false},"author":1,"featured_media":0,"comment_status":"open","ping_status":"open","sticky":false,"template":"","format":"standard","meta":{"footnotes":""},"categories":[3],"tags":[],"class_list":["post-1288","post","type-post","status-publish","format-standard","hentry","category-alles-mogliche"],"_links":{"self":[{"href":"http:\/\/www.anthealein.de\/index.php?rest_route=\/wp\/v2\/posts\/1288","targetHints":{"allow":["GET"]}}],"collection":[{"href":"http:\/\/www.anthealein.de\/index.php?rest_route=\/wp\/v2\/posts"}],"about":[{"href":"http:\/\/www.anthealein.de\/index.php?rest_route=\/wp\/v2\/types\/post"}],"author":[{"embeddable":true,"href":"http:\/\/www.anthealein.de\/index.php?rest_route=\/wp\/v2\/users\/1"}],"replies":[{"embeddable":true,"href":"http:\/\/www.anthealein.de\/index.php?rest_route=%2Fwp%2Fv2%2Fcomments&post=1288"}],"version-history":[{"count":0,"href":"http:\/\/www.anthealein.de\/index.php?rest_route=\/wp\/v2\/posts\/1288\/revisions"}],"wp:attachment":[{"href":"http:\/\/www.anthealein.de\/index.php?rest_route=%2Fwp%2Fv2%2Fmedia&parent=1288"}],"wp:term":[{"taxonomy":"category","embeddable":true,"href":"http:\/\/www.anthealein.de\/index.php?rest_route=%2Fwp%2Fv2%2Fcategories&post=1288"},{"taxonomy":"post_tag","embeddable":true,"href":"http:\/\/www.anthealein.de\/index.php?rest_route=%2Fwp%2Fv2%2Ftags&post=1288"}],"curies":[{"name":"wp","href":"https:\/\/api.w.org\/{rel}","templated":true}]}}