{"id":1247,"date":"2010-03-09T22:04:34","date_gmt":"2010-03-09T21:04:34","guid":{"rendered":"http:\/\/www.anthealein.de\/?p=1247"},"modified":"2010-03-09T22:04:34","modified_gmt":"2010-03-09T21:04:34","slug":"morgen-frh","status":"publish","type":"post","link":"http:\/\/www.anthealein.de\/?p=1247","title":{"rendered":"&ldquo;Morgen fr&uuml;h&rdquo;"},"content":{"rendered":"<p>Kann auch bedeuten: irgendwann im Laufe des morgigen Tages. Hier konkret: 12.30 Uhr. Bis dahin froren Lena und ich bei 16,2 Grad vor uns hin und Jana war mit Jacke unten im Kiga. <\/p>\n<p>Das es bei uns so kalt war, hab ich dann fr\u00fchzeitig beschlossen, das wir eben zum Krankenhaus fahren (mein Rezept beim Neuro rausholen und die vorbestellten Spritzen in der Apotheke) und auf dem R\u00fcckweg einkaufen k\u00f6nnten. Zuerst wollte ich mit dem Bus fahren (Parkplatznot am Krankenhaus), dann entschied ich mich doch f\u00fcrs Auto und nachdem Jana erst gemosert hat: sprang das nette T\u00f6ff nicht an :shock_tb: Also doch mit dem Bus gefahren und volle Kanne in den Schulfeierabendstau geraten *seufz*\u2026 Hatte aber auch sein Gutes, weil Jana mir schon direkt nach dem Kiga von einer \u201csoooooooooo tollen Trinkflasche\u201d vorschw\u00e4rmte, die Alina und Jack und Nikita und \u00fcberhaupt alle h\u00e4tten und \u201ck\u00f6nnten wir die holen, Mama? Biiiiiitte!\u201d anfragte. Ein Junge im Bus trug hinten in seinem Rucksack die \u201cKleiner Sportsfreund\u201d-Flasche von Tupper spazieren und da die f\u00fcr mich zur Abholung bei Jessica bereit liegt, fragte ich Jana ganz bl\u00f6d ob sie die meinen w\u00fcrde. \u201cJa, Mama. Genauuuuuuu die. Die ist sooooooooooo toll\u201d.&#160; Immer wieder sch\u00f6n, wenn man den W\u00fcnschen seines Kindes vorgreift \ud83d\ude00<\/p>\n<p>Als wir dann wieder in der Wohnung waren, war die sch\u00f6n gem\u00fctlich und zum Gl\u00fcck f\u00fcr mich hatte unser Freund 3x probiert mich zu erreichen, weil: PC-Probleme. Er brachte den PC vorbei und da er Automechaniker ist hat er sich auch gleich mein T\u00f6ff angesehen und es wieder fit gemacht (Z\u00fcndungskabel hatte sich gel\u00f6st). Also ist das gute St\u00fcck fit, um uns morgen zur Schuleingangsuntersuchung zu fahren \ud83d\ude00<\/p>\n<p align=\"center\"><a href=\"http:\/\/www.anthealein.de\/wp-content\/uploads\/2010\/03\/09032010.jpg\"><img loading=\"lazy\" decoding=\"async\" style=\"border-bottom: 0px; border-left: 0px; display: inline; border-top: 0px; border-right: 0px\" title=\"09032010\" border=\"0\" alt=\"09032010\" src=\"http:\/\/www.anthealein.de\/wp-content\/uploads\/2010\/03\/09032010-thumb.jpg\" width=\"504\" height=\"504\" \/><\/a><\/p>\n<p align=\"center\">&#160;<\/p>\n<p align=\"center\"><a href=\"http:\/\/www.anthealein.de\/wp-content\/uploads\/2010\/03\/09032010ii.jpg\"><img loading=\"lazy\" decoding=\"async\" style=\"border-bottom: 0px; border-left: 0px; display: block; float: none; margin-left: auto; border-top: 0px; margin-right: auto; border-right: 0px\" title=\"09032010II\" border=\"0\" alt=\"09032010II\" src=\"http:\/\/www.anthealein.de\/wp-content\/uploads\/2010\/03\/09032010ii-thumb.jpg\" width=\"504\" height=\"504\" \/><\/a><\/p>\n","protected":false},"excerpt":{"rendered":"<p>Kann auch bedeuten: irgendwann im Laufe des morgigen Tages. Hier konkret: 12.30 Uhr. Bis dahin froren Lena und ich bei 16,2 Grad vor uns hin und Jana war mit Jacke unten im Kiga. Das es bei uns so kalt war, hab ich dann fr\u00fchzeitig beschlossen, das wir eben zum Krankenhaus fahren (mein Rezept beim Neuro [&hellip;]<\/p>\n","protected":false},"author":1,"featured_media":0,"comment_status":"open","ping_status":"open","sticky":false,"template":"","format":"standard","meta":{"footnotes":""},"categories":[3],"tags":[],"class_list":["post-1247","post","type-post","status-publish","format-standard","hentry","category-alles-mogliche"],"_links":{"self":[{"href":"http:\/\/www.anthealein.de\/index.php?rest_route=\/wp\/v2\/posts\/1247","targetHints":{"allow":["GET"]}}],"collection":[{"href":"http:\/\/www.anthealein.de\/index.php?rest_route=\/wp\/v2\/posts"}],"about":[{"href":"http:\/\/www.anthealein.de\/index.php?rest_route=\/wp\/v2\/types\/post"}],"author":[{"embeddable":true,"href":"http:\/\/www.anthealein.de\/index.php?rest_route=\/wp\/v2\/users\/1"}],"replies":[{"embeddable":true,"href":"http:\/\/www.anthealein.de\/index.php?rest_route=%2Fwp%2Fv2%2Fcomments&post=1247"}],"version-history":[{"count":0,"href":"http:\/\/www.anthealein.de\/index.php?rest_route=\/wp\/v2\/posts\/1247\/revisions"}],"wp:attachment":[{"href":"http:\/\/www.anthealein.de\/index.php?rest_route=%2Fwp%2Fv2%2Fmedia&parent=1247"}],"wp:term":[{"taxonomy":"category","embeddable":true,"href":"http:\/\/www.anthealein.de\/index.php?rest_route=%2Fwp%2Fv2%2Fcategories&post=1247"},{"taxonomy":"post_tag","embeddable":true,"href":"http:\/\/www.anthealein.de\/index.php?rest_route=%2Fwp%2Fv2%2Ftags&post=1247"}],"curies":[{"name":"wp","href":"https:\/\/api.w.org\/{rel}","templated":true}]}}