{"id":1172,"date":"2010-02-24T20:45:00","date_gmt":"2010-02-24T19:45:00","guid":{"rendered":"http:\/\/www.anthealein.de\/?p=1172"},"modified":"2010-02-24T20:45:51","modified_gmt":"2010-02-24T19:45:51","slug":"such-das-kind","status":"publish","type":"post","link":"http:\/\/www.anthealein.de\/?p=1172","title":{"rendered":"Such das Kind ;)"},"content":{"rendered":"<p align=\"center\">&#160;<\/p>\n<p align=\"center\"><a href=\"http:\/\/www.anthealein.de\/wp-content\/uploads\/2010\/02\/24022010.jpg\"><img loading=\"lazy\" decoding=\"async\" style=\"border-bottom: 0px; border-left: 0px; display: block; float: none; margin-left: auto; border-top: 0px; margin-right: auto; border-right: 0px\" title=\"24022010\" border=\"0\" alt=\"24022010\" src=\"http:\/\/www.anthealein.de\/wp-content\/uploads\/2010\/02\/24022010-thumb.jpg\" width=\"504\" height=\"504\" \/><\/a><\/p>\n<p align=\"center\">&#160;<\/p>\n<p align=\"left\">Da ich mich bei Jana ge\u00e4rgert habe, mir das nie aufgeschrieben zu haben (klar, \u201cMiishake\u201d, \u201cPapabei\u201d und \u201cApelade\u201d hat man sich so gemerkt) hier mal f\u00fcr mich eine Liste mit Lenas momentanem Sprachschatz:<\/p>\n<p align=\"left\">&#8211; Mama (klar *g*)   <br \/>&#8211; Papa (auch klar *g*)    <br \/>&#8211; Anne oder auch Nana (Jana)    <br \/>&#8211; Nuller (Schnuller)    <br \/>&#8211; Hei\u00df     <br \/>&#8211; Kalt    <br \/>&#8211; Bade    <br \/>&#8211; Haassssssiiii (ihr Hasi \ud83d\ude42 )    <br \/>&#8211; Miau    <br \/>&#8211; Wau    <br \/>&#8211; Gack Gack    <br \/>&#8211; Maaaaaa (soll M\u00e4\u00e4\u00e4\u00e4h sein)    <br \/>&#8211; Onk onk (Schwein)    <br \/>&#8211; Kitty (gaaaaaanz wichtig)    <br \/>&#8211; Worscht (Wurst)    <br \/>&#8211; Kiechs (Keks)    <br \/>&#8211; Lade (Schokolade)    <br \/>&#8211; Alle (Getr\u00e4nke aller Art in Gef\u00e4\u00dfen aller Art, manchmal aber auch tats\u00e4chlich \u201calle\u201d)    <br \/>&#8211; Nane (Banane)    <br \/>&#8211; Eis    <br \/>&#8211; Waffe (Waffel)    <br \/>&#8211; Ham ham    <br \/>&#8211; Nein    <br \/>&#8211; Ja (eher selten *g*)    <br \/>&#8211; Mmm-mmm (Nein. Kann man schlecht schreiben *g*)    <br \/>&#8211; Misssst (Mist, gerne gebraucht wenn mir was runterf\u00e4llt)    <br \/>&#8211; Heia    <br \/>&#8211; Babi (Gabi, unsere Nachbarin)    <br \/>&#8211; Barbie    <br \/>&#8211; Puppe    <br \/>&#8211; Ball&#160; <br \/>&#8211; Baby    <br \/>&#8211; Ebba     <br \/>&#8211; Snee (Schnee)    <br \/>&#8211; Auto    <br \/>&#8211; Aus (auch f\u00fcr An benutzt, weil sie das noch nicht kann)    <br \/>&#8211; Auf (auch f\u00fcr Zu benutzt, dito)    <br \/>&#8211; Ninchen (Kikaninchen)    <br \/>&#8211; Aarnie (Ernie)    <br \/>&#8211; M\u00fcll    <br \/>&#8211; Hi    <br \/>&#8211; Tsch\u00fcss    <br \/>&#8211; Maaaal (malen)    <br \/>&#8211; Maus    <br \/>&#8211; Buch<\/p>\n<p align=\"left\">Und bestimmt noch min. 10 W\u00f6rter, die ich jetzt vergessen hab *g* Genau so ein Plappermaul wie der Rest der Familie :shock_tb:   <\/p>\n","protected":false},"excerpt":{"rendered":"<p>&#160; &#160; Da ich mich bei Jana ge\u00e4rgert habe, mir das nie aufgeschrieben zu haben (klar, \u201cMiishake\u201d, \u201cPapabei\u201d und \u201cApelade\u201d hat man sich so gemerkt) hier mal f\u00fcr mich eine Liste mit Lenas momentanem Sprachschatz: &#8211; Mama (klar *g*) &#8211; Papa (auch klar *g*) &#8211; Anne oder auch Nana (Jana) &#8211; Nuller (Schnuller) &#8211; Hei\u00df [&hellip;]<\/p>\n","protected":false},"author":1,"featured_media":0,"comment_status":"open","ping_status":"open","sticky":false,"template":"","format":"standard","meta":{"footnotes":""},"categories":[3],"tags":[],"class_list":["post-1172","post","type-post","status-publish","format-standard","hentry","category-alles-mogliche"],"_links":{"self":[{"href":"http:\/\/www.anthealein.de\/index.php?rest_route=\/wp\/v2\/posts\/1172","targetHints":{"allow":["GET"]}}],"collection":[{"href":"http:\/\/www.anthealein.de\/index.php?rest_route=\/wp\/v2\/posts"}],"about":[{"href":"http:\/\/www.anthealein.de\/index.php?rest_route=\/wp\/v2\/types\/post"}],"author":[{"embeddable":true,"href":"http:\/\/www.anthealein.de\/index.php?rest_route=\/wp\/v2\/users\/1"}],"replies":[{"embeddable":true,"href":"http:\/\/www.anthealein.de\/index.php?rest_route=%2Fwp%2Fv2%2Fcomments&post=1172"}],"version-history":[{"count":1,"href":"http:\/\/www.anthealein.de\/index.php?rest_route=\/wp\/v2\/posts\/1172\/revisions"}],"predecessor-version":[{"id":1173,"href":"http:\/\/www.anthealein.de\/index.php?rest_route=\/wp\/v2\/posts\/1172\/revisions\/1173"}],"wp:attachment":[{"href":"http:\/\/www.anthealein.de\/index.php?rest_route=%2Fwp%2Fv2%2Fmedia&parent=1172"}],"wp:term":[{"taxonomy":"category","embeddable":true,"href":"http:\/\/www.anthealein.de\/index.php?rest_route=%2Fwp%2Fv2%2Fcategories&post=1172"},{"taxonomy":"post_tag","embeddable":true,"href":"http:\/\/www.anthealein.de\/index.php?rest_route=%2Fwp%2Fv2%2Ftags&post=1172"}],"curies":[{"name":"wp","href":"https:\/\/api.w.org\/{rel}","templated":true}]}}