{"id":1146,"date":"2010-02-21T21:04:09","date_gmt":"2010-02-21T20:04:09","guid":{"rendered":"http:\/\/www.anthealein.de\/?p=1146"},"modified":"2010-02-21T21:04:09","modified_gmt":"2010-02-21T20:04:09","slug":"tststs","status":"publish","type":"post","link":"http:\/\/www.anthealein.de\/?p=1146","title":{"rendered":"Tststs&hellip;"},"content":{"rendered":"<p>Es war einmal eine ganze Horde Kinder, die rund um den Kurpark wohnte. Und weil das damals so \u00fcblich war, wurden wir alle nach Schule\/Kindergarten nach drau\u00dfen zum spielen gejagt. Nur zur Sesamstrasse um 18 Uhr auf NDR hatte man zuhause zu sein. Das Kind mit Down Syndrom ebenso wie die schon etwas \u00e4lteren Kinder. Anke (die Mutter meines Patenkindes und meine Freundin) wohnte damals auf der anderen Seite des Parks und eine meiner sch\u00f6nsten Erinnerungen h\u00e4ngt mit ihr zusammen. Ihre Mutter fragte mich damals, ob ich mit zum Erdbeerfeld fahren wolle. Mein Paps erlaubte das und ein paar Stunden sp\u00e4ter kam ich stolz wie Oskar mit Erdbeeren f\u00fcr meine Mom nach Hause (war ihr Lieblingsobst).<\/p>\n<p>Andere sch\u00f6ne Erinnerungen hab ich an \u201cunser\u201d St\u00fcck Land. Ein kleines B\u00e4chlein an einer Wiese und im Sommer meterhohes Gras. Nora und ich haben uns dort immer eine \u201cSommerwohnung\u201d eingerichtet und mit unseren Puppen gespielt. Und dann w\u00e4re da noch der Brunnen, in dem man wundervoll baden konnte. Bis \u00fcbereifrige Passanten uns nach Hause schleppten und sich bei unseren Eltern \u00fcber uns beschwerten, weil wir splitterfasernackt mitten im Park im Brunnen sa\u00dfen *g*. Und die tollen B\u00e4ume, auf die man klettern und in deren \u00c4sten man sich auch \u201cWohnungen\u201d bauen konnte. Und dann waren da noch die \u00dcbernachtungspartys bei Cindy. Ungef\u00e4hr 10 Kinder, die einfach mal spontan fremd geschlafen haben *g*.<\/p>\n<p>Und daaaaaaaaann gab es da die typische \u201cAlle-sind-willkommen\u201d-Familie. Eigentlich mit 3 Kindern, aber man wusste es nie so genau, weil immer eine ganze Horde aus der Nachbarschaft da war. Mit warmherzigen, lustigen Eltern, riesigen Zimmern und f\u00fcr alle mit Durst, Hunger, Sorgen oder N\u00f6ten mit einer offen stehenden T\u00fcr. <\/p>\n<p>Irgendwann zogen die Familien dann weg, die ehemaligen Kurparkfreunde sah man aber in der Schule\/in der Ausbildung (Anke) oder sogar viel sp\u00e4ter als Freund einer Freundin (Marc2)&#160; wieder.<\/p>\n<p>Und dann ist man Jahre sp\u00e4ter selber Mutter, viel vorsichtiger als unsere Eltern fr\u00fcher waren, aber nicht zu vorsichtig. Kinder werden gr\u00f6\u00dfer, gehen irgendwann auch in den Kindergarten und nat\u00fcrlich gibt es dann auch Elternabende. Und wenn man dort dann pl\u00f6tzlich vor dem Vater einer Kindergartenfreundin der eigenen Tochter steht der immer noch so aussieht wie vor \u00fcber 25 Jahren, dann kann es sein das lang verschollene Erinnerungen an die \u201cAlle-sind-willkommen\u201d-Familie (die ihre Kinder \u00fcbrigens immer noch so herzlich erziehen wie fr\u00fcher)&#160; hochkommen. Und weil du dich so gar nicht mehr erinnerst, Werner:&#160; hier mal ein altes Foto von mir \ud83d\ude09   <\/p>\n<p><a href=\"http:\/\/www.anthealein.de\/wp-content\/uploads\/2010\/02\/21022010iii.jpg\"><img loading=\"lazy\" decoding=\"async\" style=\"border-bottom: 0px; border-left: 0px; display: block; float: none; margin-left: auto; border-top: 0px; margin-right: auto; border-right: 0px\" title=\"21022010III\" border=\"0\" alt=\"21022010III\" src=\"http:\/\/www.anthealein.de\/wp-content\/uploads\/2010\/02\/21022010iii-thumb.jpg\" width=\"404\" height=\"504\" \/><\/a><\/p>\n<p>&#160;<\/p>\n<p align=\"center\"><img loading=\"lazy\" decoding=\"async\" style=\"border-bottom: 0px; border-left: 0px; display: block; float: none; margin-left: auto; border-top: 0px; margin-right: auto; border-right: 0px\" title=\"21022010\" border=\"0\" alt=\"21022010\" src=\"http:\/\/www.anthealein.de\/wp-content\/uploads\/2010\/02\/21022010-thumb.jpg\" width=\"504\" height=\"504\" \/>Lena heute \ud83d\ude42<\/p>\n<p align=\"center\">&#160;<\/p>\n<p align=\"center\"><a href=\"http:\/\/www.anthealein.de\/wp-content\/uploads\/2010\/02\/21022010ii.jpg\"><img loading=\"lazy\" decoding=\"async\" style=\"border-bottom: 0px; border-left: 0px; display: inline; border-top: 0px; border-right: 0px\" title=\"21022010II\" border=\"0\" alt=\"21022010II\" src=\"http:\/\/www.anthealein.de\/wp-content\/uploads\/2010\/02\/21022010ii-thumb.jpg\" width=\"504\" height=\"504\" \/><\/a>     <br \/>Ich vor langer, langer Zeit \ud83d\ude42<\/p>\n","protected":false},"excerpt":{"rendered":"<p>Es war einmal eine ganze Horde Kinder, die rund um den Kurpark wohnte. Und weil das damals so \u00fcblich war, wurden wir alle nach Schule\/Kindergarten nach drau\u00dfen zum spielen gejagt. Nur zur Sesamstrasse um 18 Uhr auf NDR hatte man zuhause zu sein. Das Kind mit Down Syndrom ebenso wie die schon etwas \u00e4lteren Kinder. [&hellip;]<\/p>\n","protected":false},"author":1,"featured_media":0,"comment_status":"open","ping_status":"open","sticky":false,"template":"","format":"standard","meta":{"footnotes":""},"categories":[3],"tags":[],"class_list":["post-1146","post","type-post","status-publish","format-standard","hentry","category-alles-mogliche"],"_links":{"self":[{"href":"http:\/\/www.anthealein.de\/index.php?rest_route=\/wp\/v2\/posts\/1146","targetHints":{"allow":["GET"]}}],"collection":[{"href":"http:\/\/www.anthealein.de\/index.php?rest_route=\/wp\/v2\/posts"}],"about":[{"href":"http:\/\/www.anthealein.de\/index.php?rest_route=\/wp\/v2\/types\/post"}],"author":[{"embeddable":true,"href":"http:\/\/www.anthealein.de\/index.php?rest_route=\/wp\/v2\/users\/1"}],"replies":[{"embeddable":true,"href":"http:\/\/www.anthealein.de\/index.php?rest_route=%2Fwp%2Fv2%2Fcomments&post=1146"}],"version-history":[{"count":0,"href":"http:\/\/www.anthealein.de\/index.php?rest_route=\/wp\/v2\/posts\/1146\/revisions"}],"wp:attachment":[{"href":"http:\/\/www.anthealein.de\/index.php?rest_route=%2Fwp%2Fv2%2Fmedia&parent=1146"}],"wp:term":[{"taxonomy":"category","embeddable":true,"href":"http:\/\/www.anthealein.de\/index.php?rest_route=%2Fwp%2Fv2%2Fcategories&post=1146"},{"taxonomy":"post_tag","embeddable":true,"href":"http:\/\/www.anthealein.de\/index.php?rest_route=%2Fwp%2Fv2%2Ftags&post=1146"}],"curies":[{"name":"wp","href":"https:\/\/api.w.org\/{rel}","templated":true}]}}