{"id":1114,"date":"2010-02-17T22:19:07","date_gmt":"2010-02-17T21:19:07","guid":{"rendered":"http:\/\/www.anthealein.de\/?p=1114"},"modified":"2010-02-17T22:19:07","modified_gmt":"2010-02-17T21:19:07","slug":"bruuuuuuumm","status":"publish","type":"post","link":"http:\/\/www.anthealein.de\/?p=1114","title":{"rendered":"Bruuuuuuumm"},"content":{"rendered":"<p align=\"justify\">Tagesmuttersuche\u2026 Ja, ich hab mich entschlossen doch eine Tagesmutter zu suchen. Lena ist in einer Krippe angemeldet, hat zu 99 % auch einen Platz ab August, aber irgendwie hab ich kein gutes Bauchgef\u00fchl und so schaue ich Montag beim Familienserviceb\u00fcro vorbei und mach mich schlau, was freie Tagesm\u00fctter angeht. <\/p>\n<p align=\"justify\">Termine\u2026 Da waren doch noch 2 Besuche, die so lange schon f\u00e4llig sind und immer noch nicht erledigt sind. Und die Ex-Kollegin, die ich seit ein paar Tagen auch dringend anrufen will. Und der Friseurtermin den ich f\u00fcr morgen Nachmittag f\u00fcr uns M\u00e4dels angesetzt habe. Und der Einkauf, der Freitag dringend erledigt werden will f\u00fcrs ganze Wochenende, weil Chris Samstag weg ist und ich Besuch (das Chaostrio wieder vereint \ud83d\ude00 ) bekomme. Und Sonntag das Kindergartenessen im Piratenam\u00fcseum. Und n\u00e4chsten Montag der Termin beim Familienserviceb\u00fcro, n\u00e4chsten Mittwoch die Nachholung der verpassten Impfung bei Lena (den Termin am 09. hatte ich v\u00f6llig verpennt) und nachmittags Leandra da haben, n\u00e4chsten Sonntag Geburtstagsfeier bei Anna und zwischendrin halt so das \u00dcbliche. Wobei mir gerade auff\u00e4llt, das Mittwoch Impfung zeitgleich mit Krankengymnastik ist, also die noch absagen (Merke!!!!).<\/p>\n<p align=\"justify\">Oh und falls jemand ein Rezept gegen 3 Morgenstrahle-Mundstehtnichtstill-GuteLaune-Stehaufm\u00e4nnchen h\u00e4tte, das nicht Kaffee hei\u00dft: bitte zu mir \ud83d\ude09 Als einziger Morgenmuffel, der vor der ersten <strike>zweiten dritten<\/strike> Zigarette in Ruhe nicht zu gebrauchen ist, hab ich das hier gaaaaaaaanz sch\u00f6n schwer *grummel*<\/p>\n<p align=\"center\"><a href=\"http:\/\/www.anthealein.de\/wp-content\/uploads\/2010\/02\/17022010.jpg\"><img loading=\"lazy\" decoding=\"async\" style=\"border-bottom: 0px; border-left: 0px; display: inline; border-top: 0px; border-right: 0px\" title=\"17022010\" border=\"0\" alt=\"17022010\" src=\"http:\/\/www.anthealein.de\/wp-content\/uploads\/2010\/02\/17022010-thumb.jpg\" width=\"504\" height=\"504\" \/><\/a><\/p>\n","protected":false},"excerpt":{"rendered":"<p>Tagesmuttersuche\u2026 Ja, ich hab mich entschlossen doch eine Tagesmutter zu suchen. Lena ist in einer Krippe angemeldet, hat zu 99 % auch einen Platz ab August, aber irgendwie hab ich kein gutes Bauchgef\u00fchl und so schaue ich Montag beim Familienserviceb\u00fcro vorbei und mach mich schlau, was freie Tagesm\u00fctter angeht. Termine\u2026 Da waren doch noch 2 [&hellip;]<\/p>\n","protected":false},"author":1,"featured_media":0,"comment_status":"open","ping_status":"open","sticky":false,"template":"","format":"standard","meta":{"footnotes":""},"categories":[3],"tags":[],"class_list":["post-1114","post","type-post","status-publish","format-standard","hentry","category-alles-mogliche"],"_links":{"self":[{"href":"http:\/\/www.anthealein.de\/index.php?rest_route=\/wp\/v2\/posts\/1114","targetHints":{"allow":["GET"]}}],"collection":[{"href":"http:\/\/www.anthealein.de\/index.php?rest_route=\/wp\/v2\/posts"}],"about":[{"href":"http:\/\/www.anthealein.de\/index.php?rest_route=\/wp\/v2\/types\/post"}],"author":[{"embeddable":true,"href":"http:\/\/www.anthealein.de\/index.php?rest_route=\/wp\/v2\/users\/1"}],"replies":[{"embeddable":true,"href":"http:\/\/www.anthealein.de\/index.php?rest_route=%2Fwp%2Fv2%2Fcomments&post=1114"}],"version-history":[{"count":0,"href":"http:\/\/www.anthealein.de\/index.php?rest_route=\/wp\/v2\/posts\/1114\/revisions"}],"wp:attachment":[{"href":"http:\/\/www.anthealein.de\/index.php?rest_route=%2Fwp%2Fv2%2Fmedia&parent=1114"}],"wp:term":[{"taxonomy":"category","embeddable":true,"href":"http:\/\/www.anthealein.de\/index.php?rest_route=%2Fwp%2Fv2%2Fcategories&post=1114"},{"taxonomy":"post_tag","embeddable":true,"href":"http:\/\/www.anthealein.de\/index.php?rest_route=%2Fwp%2Fv2%2Ftags&post=1114"}],"curies":[{"name":"wp","href":"https:\/\/api.w.org\/{rel}","templated":true}]}}