{"id":1108,"date":"2010-02-15T21:17:55","date_gmt":"2010-02-15T20:17:55","guid":{"rendered":"http:\/\/www.anthealein.de\/?p=1108"},"modified":"2010-02-15T21:17:55","modified_gmt":"2010-02-15T20:17:55","slug":"ich-liebe-unseren-kindergarten","status":"publish","type":"post","link":"http:\/\/www.anthealein.de\/?p=1108","title":{"rendered":"Ich liebe unseren Kindergarten :)"},"content":{"rendered":"<p>Heute war Karnevalsfeier im Kindergarten. Ich heute morgen also flei\u00dfig Gem\u00fcse geschnippelt (geschm\u00fcckt hatten wir ja gestern schon) und dann um 8.30 Uhr mit Lena nach unten gegangen. Im gro\u00dfen Zimmer lief schon Musik, Lena lief gleich los in Richtung Puppenzimmer und ich machte mich in der K\u00fcche mehr oder weniger n\u00fctzlich. Um 9.30 Uhr bin ich eben noch mal nach oben, ein wenig Haushalt schmei\u00dfen und p\u00fcnktlich zum Fr\u00fchst\u00fcck um 10 Uhr war ich wieder unten. Mittlerweile war auch Melanie mit Ebba und Jack eingetroffen und Lena freute sich, \u201cBaby\u201d zu sehen (Ebba ist gerade mal 1,5 Monate j\u00fcnger als Lena *g*). Lena ging mit Ebba spielen (und ich durfte mir den Rest des Tages \u201cEbbaaaaaaaaaaa\u201d anh\u00f6ren) und das Fr\u00fchst\u00fccksbuffet war er\u00f6ffnet. <\/p>\n<p>Nachdem alle Kinder versorgt und die K\u00fcche wieder halbwegs aufger\u00e4umt war, kam der \u00dcberraschungsgast: ein Gaukler :shock_tb: Und das ist einer der Gr\u00fcnde, weshalb ich unseren Kindergarten liebe. Nicht nur, das jedes Jahr Projekte stattfinden. Die rote Gruppe (also die Vorschulgruppe) macht das \u201cFaustlos\u201d-Programm, war schon bei der Feuerwehr in Jever mit dem Zug, f\u00e4hrt n\u00e4chste Woche zur Polizei, wird Anfang M\u00e4rz einen zweit\u00e4gigen Erste-Hilfe-Kurs (mit Schein) machen und ein \u201cBustraining\u201d (wie der Bus bei uns in den Garagenhof will ist mir ein R\u00e4tsel) absolvieren. Am Ende der Kindergartenzeit wird es dann auch noch eine \u00dcbernachtungsparty im Kindergarten geben. So weit haben einige Kinderg\u00e4rten ein \u00e4hnliches Programm. Aber welche Kinderg\u00e4rtnerin in anderen Kinderg\u00e4rten w\u00fcrde tats\u00e4chlich zur Kindergeburtstagsfeier kommen? Und welche Kinderg\u00e4rtnerinnen w\u00fcrden zusammenlegen und einen Gaukler zur Karnevalsfeier einladen? F\u00fcr Fr\u00fch- und Sp\u00e4tdienste (alles vor 8 und nach 13 Uhr) werden bei uns 15 Cent\/Tag kassiert von den Kinderg\u00e4rtnerinnen. Und genau dieses Geld haben sie gespart und davon den Gaukler bestellt. <\/p>\n<p>Der Vormittag war also ein voller Erfolg und selbst Lena hat sich begeistert die Show angesehen \ud83d\ude00    <\/p>\n<p align=\"center\"><a href=\"http:\/\/www.anthealein.de\/wp-content\/uploads\/2010\/02\/15022010iv.jpg\"><img loading=\"lazy\" decoding=\"async\" style=\"border-bottom: 0px; border-left: 0px; display: inline; border-top: 0px; border-right: 0px\" title=\"15022010IV\" border=\"0\" alt=\"15022010IV\" src=\"http:\/\/www.anthealein.de\/wp-content\/uploads\/2010\/02\/15022010iv-thumb.jpg\" width=\"504\" height=\"379\" \/><\/a>    <br \/>Hunger? <\/p>\n<p>&#160;<\/p>\n<p align=\"center\"><a href=\"http:\/\/www.anthealein.de\/wp-content\/uploads\/2010\/02\/15022010iii.jpg\"><img loading=\"lazy\" decoding=\"async\" style=\"border-bottom: 0px; border-left: 0px; display: inline; border-top: 0px; border-right: 0px\" title=\"15022010III\" border=\"0\" alt=\"15022010III\" src=\"http:\/\/www.anthealein.de\/wp-content\/uploads\/2010\/02\/15022010iii-thumb.jpg\" width=\"504\" height=\"504\" \/><\/a> <\/p>\n<p align=\"center\">&#160;<\/p>\n<p align=\"center\"><a href=\"http:\/\/www.anthealein.de\/wp-content\/uploads\/2010\/02\/15022010ii.jpg\"><img loading=\"lazy\" decoding=\"async\" style=\"border-bottom: 0px; border-left: 0px; display: inline; border-top: 0px; border-right: 0px\" title=\"15022010II\" border=\"0\" alt=\"15022010II\" src=\"http:\/\/www.anthealein.de\/wp-content\/uploads\/2010\/02\/15022010ii-thumb.jpg\" width=\"504\" height=\"504\" \/><\/a> <\/p>\n<p align=\"center\">&#160;<\/p>\n<p align=\"center\"><a href=\"http:\/\/www.anthealein.de\/wp-content\/uploads\/2010\/02\/15022010v.jpg\"><img loading=\"lazy\" decoding=\"async\" style=\"border-bottom: 0px; border-left: 0px; display: inline; border-top: 0px; border-right: 0px\" title=\"15022010V\" border=\"0\" alt=\"15022010V\" src=\"http:\/\/www.anthealein.de\/wp-content\/uploads\/2010\/02\/15022010v-thumb.jpg\" width=\"504\" height=\"504\" \/><\/a> <\/p>\n<p align=\"center\">&#160;<\/p>\n<p align=\"center\"><a href=\"http:\/\/www.anthealein.de\/wp-content\/uploads\/2010\/02\/15022010.jpg\"><img loading=\"lazy\" decoding=\"async\" style=\"border-bottom: 0px; border-left: 0px; display: inline; border-top: 0px; border-right: 0px\" title=\"15022010\" border=\"0\" alt=\"15022010\" src=\"http:\/\/www.anthealein.de\/wp-content\/uploads\/2010\/02\/15022010-thumb.jpg\" width=\"504\" height=\"504\" \/><\/a>     <\/p>\n<\/p>\n<p>Ach, und Lenas neueste \u201cMacke\u201d: Jana hei\u00dft jetzt \u201cAnne\u201d. Ich hab ihr heute zig mal die richtige Anne gezeigt und ihr erkl\u00e4rt, wer Anne und wer Jana ist, aber: Jana bleibt Anne *g*<\/p>\n","protected":false},"excerpt":{"rendered":"<p>Heute war Karnevalsfeier im Kindergarten. Ich heute morgen also flei\u00dfig Gem\u00fcse geschnippelt (geschm\u00fcckt hatten wir ja gestern schon) und dann um 8.30 Uhr mit Lena nach unten gegangen. Im gro\u00dfen Zimmer lief schon Musik, Lena lief gleich los in Richtung Puppenzimmer und ich machte mich in der K\u00fcche mehr oder weniger n\u00fctzlich. Um 9.30 Uhr [&hellip;]<\/p>\n","protected":false},"author":1,"featured_media":0,"comment_status":"open","ping_status":"open","sticky":false,"template":"","format":"standard","meta":{"footnotes":""},"categories":[3],"tags":[],"class_list":["post-1108","post","type-post","status-publish","format-standard","hentry","category-alles-mogliche"],"_links":{"self":[{"href":"http:\/\/www.anthealein.de\/index.php?rest_route=\/wp\/v2\/posts\/1108","targetHints":{"allow":["GET"]}}],"collection":[{"href":"http:\/\/www.anthealein.de\/index.php?rest_route=\/wp\/v2\/posts"}],"about":[{"href":"http:\/\/www.anthealein.de\/index.php?rest_route=\/wp\/v2\/types\/post"}],"author":[{"embeddable":true,"href":"http:\/\/www.anthealein.de\/index.php?rest_route=\/wp\/v2\/users\/1"}],"replies":[{"embeddable":true,"href":"http:\/\/www.anthealein.de\/index.php?rest_route=%2Fwp%2Fv2%2Fcomments&post=1108"}],"version-history":[{"count":0,"href":"http:\/\/www.anthealein.de\/index.php?rest_route=\/wp\/v2\/posts\/1108\/revisions"}],"wp:attachment":[{"href":"http:\/\/www.anthealein.de\/index.php?rest_route=%2Fwp%2Fv2%2Fmedia&parent=1108"}],"wp:term":[{"taxonomy":"category","embeddable":true,"href":"http:\/\/www.anthealein.de\/index.php?rest_route=%2Fwp%2Fv2%2Fcategories&post=1108"},{"taxonomy":"post_tag","embeddable":true,"href":"http:\/\/www.anthealein.de\/index.php?rest_route=%2Fwp%2Fv2%2Ftags&post=1108"}],"curies":[{"name":"wp","href":"https:\/\/api.w.org\/{rel}","templated":true}]}}