{"id":1071,"date":"2010-02-12T11:36:22","date_gmt":"2010-02-12T10:36:22","guid":{"rendered":"http:\/\/www.anthealein.de\/?p=1071"},"modified":"2010-02-12T15:45:42","modified_gmt":"2010-02-12T14:45:42","slug":"bevor-ich-es-bis-heute-abend-wieder-vergesse","status":"publish","type":"post","link":"http:\/\/www.anthealein.de\/?p=1071","title":{"rendered":"Bevor ich es bis heute Abend wieder vergesse \u2026"},"content":{"rendered":"<p>\u2026 Kinder sind was Sch\u00f6nes und falls ich mich nachher \u00fcber N\u00f6rgel-Lena beschwere, erinnert mich daran \ud83d\ude09<\/p>\n<p>&#8211; gestern Morgen: ich h\u00f6re Lena erz\u00e4hlen. Und erz\u00e4hlen und erz\u00e4hlen und erz\u00e4hlen. Pl\u00f6tzlich kam der Mini mit altem Handy (das sie zum spielen hat) um die Kurve ins Wohnzimmer, lief \u201ctelefonierend\u201d um den Tisch und rannte wieder raus. Von wem sie das wohl hat, mit dem Telefon spazieren zu gehen?<\/p>\n<p>&#8211; gestern Nachmittag: Jana hatte im Flur den Krabbeltunnel aufgebaut. Decken dr\u00fcber, mit W\u00e4scheklammern festgemacht und links und rechts einen Kinderstuhl hingestellt. Ich \u2013 im Wohnzimmer besch\u00e4ftigt \u2013 h\u00f6rte dann Jana schimpfen. \u201cLena, du machst immer nur Bl\u00f6dsinn\u201d, \u201cLena, lass das\u201d, \u201cLeeeeeeeeeena, nein\u201d, \u201cLena, gleich kommt Mama und schimpft mit dir!\u201d (was mich doch sehr zum Grinsen brachte)\u00a0 nur unterbrochen von \u201cMamaaaaaaaaaa, du musst mit Lena schimpfen, hol die hier weg\u201d. Ich hab mir den Spa\u00df knappe 5 Min. angetan, bevor ich hingegangen bin *b\u00f6seMamabin* und wurde von einer Lena mit riesengro\u00dfen Kulleraugen angeschaut, die ganz gespannt wartete ob ich wirklich schimpfe. Und da soll jemand bei ernst bleiben k\u00f6nnen *g*<\/p>\n<p>&#8211; heute Nacht, 03.35 Uhr: Lena sitzt senkrecht bei uns im Bett und jault \u201caaaaaaaaalle\u201d. Vielleicht, aber auch nur gaaaaaanz vielleicht hab ich ein paar mal zu oft \u201calle, alle\u201d gesagt auf ihre Versuche, Janas Trinkflasche nach dem Kindergarten abzustauben \ud83d\ude09 Eigentlich wei\u00df sie, das \u201calle\u201d leer meint und stellt es auch immer angesichts ihres leeren Tellers fest, aber irgendwie ist \u201calle\u201d jetzt bei ihr auch das Wort f\u00fcr Getr\u00e4nke.<\/p>\n","protected":false},"excerpt":{"rendered":"<p>\u2026 Kinder sind was Sch\u00f6nes und falls ich mich nachher \u00fcber N\u00f6rgel-Lena beschwere, erinnert mich daran \ud83d\ude09 &#8211; gestern Morgen: ich h\u00f6re Lena erz\u00e4hlen. Und erz\u00e4hlen und erz\u00e4hlen und erz\u00e4hlen. Pl\u00f6tzlich kam der Mini mit altem Handy (das sie zum spielen hat) um die Kurve ins Wohnzimmer, lief \u201ctelefonierend\u201d um den Tisch und rannte wieder [&hellip;]<\/p>\n","protected":false},"author":1,"featured_media":0,"comment_status":"open","ping_status":"open","sticky":false,"template":"","format":"standard","meta":{"footnotes":""},"categories":[3],"tags":[],"class_list":["post-1071","post","type-post","status-publish","format-standard","hentry","category-alles-mogliche"],"_links":{"self":[{"href":"http:\/\/www.anthealein.de\/index.php?rest_route=\/wp\/v2\/posts\/1071","targetHints":{"allow":["GET"]}}],"collection":[{"href":"http:\/\/www.anthealein.de\/index.php?rest_route=\/wp\/v2\/posts"}],"about":[{"href":"http:\/\/www.anthealein.de\/index.php?rest_route=\/wp\/v2\/types\/post"}],"author":[{"embeddable":true,"href":"http:\/\/www.anthealein.de\/index.php?rest_route=\/wp\/v2\/users\/1"}],"replies":[{"embeddable":true,"href":"http:\/\/www.anthealein.de\/index.php?rest_route=%2Fwp%2Fv2%2Fcomments&post=1071"}],"version-history":[{"count":2,"href":"http:\/\/www.anthealein.de\/index.php?rest_route=\/wp\/v2\/posts\/1071\/revisions"}],"predecessor-version":[{"id":1073,"href":"http:\/\/www.anthealein.de\/index.php?rest_route=\/wp\/v2\/posts\/1071\/revisions\/1073"}],"wp:attachment":[{"href":"http:\/\/www.anthealein.de\/index.php?rest_route=%2Fwp%2Fv2%2Fmedia&parent=1071"}],"wp:term":[{"taxonomy":"category","embeddable":true,"href":"http:\/\/www.anthealein.de\/index.php?rest_route=%2Fwp%2Fv2%2Fcategories&post=1071"},{"taxonomy":"post_tag","embeddable":true,"href":"http:\/\/www.anthealein.de\/index.php?rest_route=%2Fwp%2Fv2%2Ftags&post=1071"}],"curies":[{"name":"wp","href":"https:\/\/api.w.org\/{rel}","templated":true}]}}