{"id":1065,"date":"2010-02-10T21:24:38","date_gmt":"2010-02-10T20:24:38","guid":{"rendered":"http:\/\/www.anthealein.de\/?p=1065"},"modified":"2010-02-10T21:26:51","modified_gmt":"2010-02-10T20:26:51","slug":"zahnende-kinder-und-audi-fahrer-sind-ein-graus","status":"publish","type":"post","link":"http:\/\/www.anthealein.de\/?p=1065","title":{"rendered":"Zahnende Kinder und Audi-Fahrer sind ein Graus"},"content":{"rendered":"<p>Nachdem gestern ja so ein harmonischer sch\u00f6ner Tag war, fing der heutige schon b\u00e4\u00e4\u00e4\u00e4\u00e4\u00e4\u00e4\u00e4h an. Lena war b\u00e4h und blieb den ganzen Tag b\u00e4h. Ich nehme mal stark an das die Backenz\u00e4hne kommen.<\/p>\n<p>Nun musste ich leider heute dringend zum \u00c4rztezentrum am RNK um mir mein Rezept bei meinem Neurologen und die gestern schon f\u00fcr mich bestellten Spritzen in der Apotheke abzuholen. Und ein wenig einkaufen musste auch sein. Also habe ich mich todesmutig mit Lena vor die T\u00fcr gewagt um eigentlich mit dem Bus zum RNK und zur\u00fcck zu fahren. Der Wind war allerdings so biestig, das ich schon beim raustreten aus der Haust\u00fcr beschloss, doch lieber das Auto zu nehmen. <\/p>\n<p>Gutgl\u00e4ubig wie ich bin, hab ich noch gedacht das ein Krankenhausparkplatz ja mit Sicherheit ger\u00e4umt ist und die meisten Leute da auch bestimmt mit Bus hinfahren bei dem Wetter. HAAAAAAAAAAAA! Auf dem Weg dahin hatte ich schon fast 2 Kollisionen mit Audi-Fahrern, die mit ihren TTs nicht wirklich aus der Parkl\u00fccke kamen und dann mit ordentlich Gas geben direkt vor meinem T\u00f6ff auf die Stra\u00dfe ausscheren mussten. Weils so sch\u00f6n ist, durfte ich auf dem Krankenhausparkplatz auch noch rumrutschen (r\u00e4umen? was ist das?) weil sich in dem Eis schon sch\u00f6ne Spurrillen eingefahren hatten und mir gaaaaaaanz weit weg einen Platz suchen, weil die Studis (Uni ist gegen\u00fcber) alles zugeparkt hatten und das auch noch zus\u00e4tzlich schief und krumm auf den Randsteinen und Gr\u00fcnfl\u00e4chen (zum Teil so eng, das dort nicht mal mehr ein VW Bus durch gepasst h\u00e4tte und das bei dem Glatteis :shock_tb: ). Und zum guten Schluss meinte noch so ein Audi-Fahrer auf dem Weg nach Hause, direkt vor mir die Spur wechseln zu m\u00fcssen. Das Problem war nur, das relativ kurz vor mir noch ein Auto fuhr und der Platz zwischen uns vielleicht f\u00fcr einen Smartie gereicht h\u00e4tte, aber nicht f\u00fcr ein normal gro\u00dfes Auto. *grummel*<\/p>\n<p>Zu Hause ging es dann schlie\u00dflich ans Putzen und hinterher Kinder bespassen und Kochen. Immer noch mit einer B\u00e4h-Lena, die knappe 4 Stunden \u201cPuuuuuuuuuuppe\u201d hinter Jana her jaulte. Ist nicht so, das sie nicht selber genug Puppen h\u00e4tte: die Puppen ihrer Schwester sind einfach interessanter. Und ist nicht so, als h\u00e4tte Jana \u2013 die sonst so gut wie nie mit Puppen gespielt hat \u2013 nicht pl\u00f6tzlich entdeckt wie toll es doch ist in Reichweite ihrer jaulenden Schwester mit ihrer Puppe zu spielen *seufz*. Kinder *grummel*<\/p>\n<p>&#160;<\/p>\n<p><a href=\"http:\/\/www.anthealein.de\/wp-content\/uploads\/2010\/02\/10022010.jpg\"><img loading=\"lazy\" decoding=\"async\" style=\"border-bottom: 0px; border-left: 0px; display: block; float: none; margin-left: auto; border-top: 0px; margin-right: auto; border-right: 0px\" title=\"10022010\" border=\"0\" alt=\"10022010\" src=\"http:\/\/www.anthealein.de\/wp-content\/uploads\/2010\/02\/10022010-thumb.jpg\" width=\"504\" height=\"504\" \/><\/a><\/p>\n<p align=\"center\">&#160;<\/p>\n<p align=\"center\"><a href=\"http:\/\/www.anthealein.de\/wp-content\/uploads\/2010\/02\/10022010ii.jpg\"><img loading=\"lazy\" decoding=\"async\" style=\"border-bottom: 0px; border-left: 0px; display: inline; border-top: 0px; border-right: 0px\" title=\"10022010II\" border=\"0\" alt=\"10022010II\" src=\"http:\/\/www.anthealein.de\/wp-content\/uploads\/2010\/02\/10022010ii-thumb.jpg\" width=\"504\" height=\"504\" \/><\/a><\/p>\n<p align=\"center\">&#160;<\/p>\n<p align=\"center\"><a href=\"http:\/\/www.anthealein.de\/wp-content\/uploads\/2010\/02\/10022010iii.jpg\"><img loading=\"lazy\" decoding=\"async\" style=\"border-bottom: 0px; border-left: 0px; display: inline; border-top: 0px; border-right: 0px\" title=\"10022010III\" border=\"0\" alt=\"10022010III\" src=\"http:\/\/www.anthealein.de\/wp-content\/uploads\/2010\/02\/10022010iii-thumb.jpg\" width=\"504\" height=\"504\" \/><\/a><\/p>\n","protected":false},"excerpt":{"rendered":"<p>Nachdem gestern ja so ein harmonischer sch\u00f6ner Tag war, fing der heutige schon b\u00e4\u00e4\u00e4\u00e4\u00e4\u00e4\u00e4\u00e4h an. Lena war b\u00e4h und blieb den ganzen Tag b\u00e4h. Ich nehme mal stark an das die Backenz\u00e4hne kommen. Nun musste ich leider heute dringend zum \u00c4rztezentrum am RNK um mir mein Rezept bei meinem Neurologen und die gestern schon f\u00fcr [&hellip;]<\/p>\n","protected":false},"author":1,"featured_media":0,"comment_status":"open","ping_status":"open","sticky":false,"template":"","format":"standard","meta":{"footnotes":""},"categories":[3],"tags":[],"class_list":["post-1065","post","type-post","status-publish","format-standard","hentry","category-alles-mogliche"],"_links":{"self":[{"href":"http:\/\/www.anthealein.de\/index.php?rest_route=\/wp\/v2\/posts\/1065","targetHints":{"allow":["GET"]}}],"collection":[{"href":"http:\/\/www.anthealein.de\/index.php?rest_route=\/wp\/v2\/posts"}],"about":[{"href":"http:\/\/www.anthealein.de\/index.php?rest_route=\/wp\/v2\/types\/post"}],"author":[{"embeddable":true,"href":"http:\/\/www.anthealein.de\/index.php?rest_route=\/wp\/v2\/users\/1"}],"replies":[{"embeddable":true,"href":"http:\/\/www.anthealein.de\/index.php?rest_route=%2Fwp%2Fv2%2Fcomments&post=1065"}],"version-history":[{"count":1,"href":"http:\/\/www.anthealein.de\/index.php?rest_route=\/wp\/v2\/posts\/1065\/revisions"}],"predecessor-version":[{"id":1066,"href":"http:\/\/www.anthealein.de\/index.php?rest_route=\/wp\/v2\/posts\/1065\/revisions\/1066"}],"wp:attachment":[{"href":"http:\/\/www.anthealein.de\/index.php?rest_route=%2Fwp%2Fv2%2Fmedia&parent=1065"}],"wp:term":[{"taxonomy":"category","embeddable":true,"href":"http:\/\/www.anthealein.de\/index.php?rest_route=%2Fwp%2Fv2%2Fcategories&post=1065"},{"taxonomy":"post_tag","embeddable":true,"href":"http:\/\/www.anthealein.de\/index.php?rest_route=%2Fwp%2Fv2%2Ftags&post=1065"}],"curies":[{"name":"wp","href":"https:\/\/api.w.org\/{rel}","templated":true}]}}