{"id":1058,"date":"2010-02-09T20:35:11","date_gmt":"2010-02-09T19:35:11","guid":{"rendered":"http:\/\/www.anthealein.de\/?p=1058"},"modified":"2010-02-09T20:35:11","modified_gmt":"2010-02-09T19:35:11","slug":"hach-war-das-schn","status":"publish","type":"post","link":"http:\/\/www.anthealein.de\/?p=1058","title":{"rendered":"Hach, war das sch&ouml;n :)"},"content":{"rendered":"<p>Ich brauche 1. den Fr\u00fc\u00fc\u00fc\u00fc\u00fc\u00fc\u00fc\u00fc\u00fchling bitte und 2. meine Arbeit \ud83d\ude42 Heute morgen hab ich mir Lena geschnappt (nach dem wir alle verschlafen hatten) und bin mit ihr in die Stadt einkaufen gelaufen. Dann zu Kerstin, der kranken Anna was vorbeibringen und durch den Park in die B\u00fccherei. Das war soooooooo sch\u00f6n, endlich mal wieder richtig rauszukommen. <\/p>\n<p>In der B\u00fccherei dann musste Carin die Zeitungen machen, also nahm ich mir meine Vorbestellungen selbst und wollte mich mal an der Verbuchung mit RFID probieren. Zeitgleich kam aber auch eine Frau, um B\u00fccher abzugeben und da ich da schon mal sa\u00df\u2026 Die n\u00e4chste dann auch noch abgefertigt und schlie\u00dflich meine B\u00fccher verbucht und verl\u00e4ngert. Ich will wieder arbeiten *jammer*<\/p>\n<p>Zur\u00fcck sind wir dann mit dem Bus gefahren, weil es dann wieder am schneien war. Und heute Nachmittag haben wir 3 M\u00e4dels in aller Ruhe (Jana und ich mehr, Lena weniger *g*) das Spielzimmer, Janas Schreibtisch und den S\u00fc\u00dfigkeitenschrank aufger\u00e4umt. Nebenbei noch eine Ladung W\u00e4sche gewaschen und gesaugt und gem\u00fctlich mit den Zwergen gespielt. <\/p>\n<p>Ein langer Spaziergang und 5 min. arbeiten reichen mir also schon aus, um ausgeglichen zu sein. *lach* <\/p>\n<p align=\"center\"><a href=\"http:\/\/www.anthealein.de\/wp-content\/uploads\/2010\/02\/09022010.jpg\"><img loading=\"lazy\" decoding=\"async\" style=\"border-bottom: 0px; border-left: 0px; display: inline; border-top: 0px; border-right: 0px\" title=\"09022010\" border=\"0\" alt=\"09022010\" src=\"http:\/\/www.anthealein.de\/wp-content\/uploads\/2010\/02\/09022010-thumb.jpg\" width=\"504\" height=\"504\" \/><\/a><\/p>\n","protected":false},"excerpt":{"rendered":"<p>Ich brauche 1. den Fr\u00fc\u00fc\u00fc\u00fc\u00fc\u00fc\u00fc\u00fc\u00fchling bitte und 2. meine Arbeit \ud83d\ude42 Heute morgen hab ich mir Lena geschnappt (nach dem wir alle verschlafen hatten) und bin mit ihr in die Stadt einkaufen gelaufen. Dann zu Kerstin, der kranken Anna was vorbeibringen und durch den Park in die B\u00fccherei. Das war soooooooo sch\u00f6n, endlich mal wieder [&hellip;]<\/p>\n","protected":false},"author":1,"featured_media":0,"comment_status":"open","ping_status":"open","sticky":false,"template":"","format":"standard","meta":{"footnotes":""},"categories":[3],"tags":[],"class_list":["post-1058","post","type-post","status-publish","format-standard","hentry","category-alles-mogliche"],"_links":{"self":[{"href":"http:\/\/www.anthealein.de\/index.php?rest_route=\/wp\/v2\/posts\/1058","targetHints":{"allow":["GET"]}}],"collection":[{"href":"http:\/\/www.anthealein.de\/index.php?rest_route=\/wp\/v2\/posts"}],"about":[{"href":"http:\/\/www.anthealein.de\/index.php?rest_route=\/wp\/v2\/types\/post"}],"author":[{"embeddable":true,"href":"http:\/\/www.anthealein.de\/index.php?rest_route=\/wp\/v2\/users\/1"}],"replies":[{"embeddable":true,"href":"http:\/\/www.anthealein.de\/index.php?rest_route=%2Fwp%2Fv2%2Fcomments&post=1058"}],"version-history":[{"count":0,"href":"http:\/\/www.anthealein.de\/index.php?rest_route=\/wp\/v2\/posts\/1058\/revisions"}],"wp:attachment":[{"href":"http:\/\/www.anthealein.de\/index.php?rest_route=%2Fwp%2Fv2%2Fmedia&parent=1058"}],"wp:term":[{"taxonomy":"category","embeddable":true,"href":"http:\/\/www.anthealein.de\/index.php?rest_route=%2Fwp%2Fv2%2Fcategories&post=1058"},{"taxonomy":"post_tag","embeddable":true,"href":"http:\/\/www.anthealein.de\/index.php?rest_route=%2Fwp%2Fv2%2Ftags&post=1058"}],"curies":[{"name":"wp","href":"https:\/\/api.w.org\/{rel}","templated":true}]}}