{"id":1022,"date":"2010-02-03T21:52:53","date_gmt":"2010-02-03T20:52:53","guid":{"rendered":"http:\/\/www.anthealein.de\/?p=1022"},"modified":"2010-02-03T21:55:56","modified_gmt":"2010-02-03T20:55:56","slug":"jetzt-vor-6-jahren","status":"publish","type":"post","link":"http:\/\/www.anthealein.de\/?p=1022","title":{"rendered":"Jetzt vor 6 Jahren\u2026"},"content":{"rendered":"<p>\u2026 lag ich dank PDA schmerzfrei in den Wehen. Obwohl, wenn ich mich recht erinner lie\u00df die PDA jetzt gerade nach und nachgespritzt werden durfte erst ab 22 Uhr (ich hab den Beitrag um kurz vor 21 Uhr begonnen, nicht wundern *g*). Also doch gerade nicht ganz schmerzfrei. Na ja, jedenfalls lag ich in den Wehen und um 03.25 Uhr war es geschafft und Jana war da. Dank Saugglocke, da damals noch keiner von der MS wusste (inkl. mir) und die PDA zu hoch dosiert war.<\/p>\n<p>6 wundervolle, anstrengende, aufregende, einfach tolle Jahre, in denen ich manchmal selbst wieder Kind sein konnte (wenn man ohne Kind als Erwachsener auf Bordsteinzwischenspalten balanciert, wird man doch arg merkw\u00fcrdig angeschaut) und mir konzentriert G\u00e4nsebl\u00fcmchen angesehen habe. Ich bin gespannt, wie die n\u00e4chsten 6 Jahre mit den beiden Zicken werden \ud83d\ude00<\/p>\n<p align=\"center\"><a href=\"http:\/\/www.anthealein.de\/wp-content\/uploads\/2010\/02\/03022010.jpg\"><img loading=\"lazy\" decoding=\"async\" style=\"border-right-width: 0px; display: inline; border-top-width: 0px; border-bottom-width: 0px; border-left-width: 0px\" title=\"03022010\" src=\"http:\/\/www.anthealein.de\/wp-content\/uploads\/2010\/02\/03022010-thumb.jpg\" border=\"0\" alt=\"03022010\" width=\"504\" height=\"504\" \/><\/a><\/p>\n<p align=\"left\">Die Geschenke sind eingepackt sofern schon vorhanden (eins will ich morgen in der Stadt noch holen), f\u00fcr morgen ist alles eingekauft, f\u00fcr Samstag schon Pappteller und co..\u00a0 Morgen fr\u00fch also: Fr\u00fchst\u00fcck mit Amerikaner + Kerzen, dann hier schnell putzen und nebenbei den Lillifee-Kuchen (Wunsch von Jana) backen. Dann schnell in die Stadt laufen mit Lena und hinterher Jana abholen. Sp\u00e4ter kommen dann Valeska, Oma und Opa und trinken Kaffee mit uns und abends mache ich noch schnell Pizza (na ok, so schnell der Teig eben \u201cgehen\u201d muss).<\/p>\n<p align=\"left\">Freitag dann morgens einkaufen, nachmittags mit Opa und Jana die Brille abholen (ich muss leider bei der Abholung unterschreiben) und schon mal die \u201cMitgebsel\u201d f\u00fcr Samstag holen, nach Hause und kochen, Feierabend.<\/p>\n<p align=\"left\">Samstag morgen dann schlie\u00dflich alles f\u00fcr die Feier holen, irgendwas zu Essen zaubern und dann halbwegs entspannt zur\u00fcck lehnen, weil die Kinderbespassung von Valeska, Sabine und Chris \u00fcbernommen wird. Ich darf nur f\u00fcr die K\u00fcche sorgen \ud83d\ude42 Jana w\u00fcnscht sich, Topfschlagen und Blinde Kuh zu spielen, mehr Spiele will sie gar nicht (gut, das sie so gen\u00fcgsam ist *g*).<\/p>\n<p align=\"left\">Und falls sich jemand wundert, wieso ich hier immer meine Pl\u00e4ne f\u00fcr die n\u00e4chsten Tage hinschreibe: mein Kopf ist mal wieder Schweizer K\u00e4se und Zettel w\u00fcrde ich garantiert verlegen. Wenn man meinen Weg bei Marktkauf heute in einen Plan eingezeichnet h\u00e4tte, w\u00fcrde es stark an Lenas Gekritzeltes erinnern. Am Anfang noch gerade durch mit leichten Abstechern in die Nebeng\u00e4nge. Beim Obst fiel mir dann ein, das ich Omas Latte vergessen hatte, also zur\u00fcck zum Kaffee. Bei der Wurst (vorbei an der Tiefk\u00fchltheke) fiel mir dann ein, das ich f\u00fcr Pizza noch passierte Tomaten und Oregano brauche. Also wieder zur\u00fcck. Wieder bei der Wurst fehlten mir Windbeutel im Einkaufswagen, also ein 3. mal zur\u00fcck. Und so ging es durch den ganzen Laden, bis wir an der Kasse standen und\u2026 mir die Marmelade fehlte (die direkt neben dem Kaffeegang ist) :shock_tb:<\/p>\n<p align=\"left\">Die Erinnerungsfunktion ist das eine Gute am Blog, das Andere ist: Chris erf\u00e4hrt Sachen von denen ich gedacht habe, das ich sie ihm erz\u00e4hlt h\u00e4tte, die f\u00fcr ihn aber v\u00f6llig neu sind. Wozu reden, wenn man auch schreiben kann? *lach*\u2026<\/p>\n<p align=\"center\"><a href=\"http:\/\/www.anthealein.de\/wp-content\/uploads\/2010\/02\/03022010iii.jpg\"><img loading=\"lazy\" decoding=\"async\" style=\"border-bottom: 0px; border-left: 0px; display: block; float: none; margin-left: auto; border-top: 0px; margin-right: auto; border-right: 0px\" title=\"03022010III\" src=\"http:\/\/www.anthealein.de\/wp-content\/uploads\/2010\/02\/03022010iii-thumb.jpg\" border=\"0\" alt=\"03022010III\" width=\"504\" height=\"504\" \/><\/a>Ich geb es ja zu, ich kann sie nicht verleugnen \ud83d\ude09<\/p>\n","protected":false},"excerpt":{"rendered":"<p>\u2026 lag ich dank PDA schmerzfrei in den Wehen. Obwohl, wenn ich mich recht erinner lie\u00df die PDA jetzt gerade nach und nachgespritzt werden durfte erst ab 22 Uhr (ich hab den Beitrag um kurz vor 21 Uhr begonnen, nicht wundern *g*). Also doch gerade nicht ganz schmerzfrei. Na ja, jedenfalls lag ich in den [&hellip;]<\/p>\n","protected":false},"author":1,"featured_media":0,"comment_status":"open","ping_status":"open","sticky":false,"template":"","format":"standard","meta":{"footnotes":""},"categories":[3],"tags":[],"class_list":["post-1022","post","type-post","status-publish","format-standard","hentry","category-alles-mogliche"],"_links":{"self":[{"href":"http:\/\/www.anthealein.de\/index.php?rest_route=\/wp\/v2\/posts\/1022","targetHints":{"allow":["GET"]}}],"collection":[{"href":"http:\/\/www.anthealein.de\/index.php?rest_route=\/wp\/v2\/posts"}],"about":[{"href":"http:\/\/www.anthealein.de\/index.php?rest_route=\/wp\/v2\/types\/post"}],"author":[{"embeddable":true,"href":"http:\/\/www.anthealein.de\/index.php?rest_route=\/wp\/v2\/users\/1"}],"replies":[{"embeddable":true,"href":"http:\/\/www.anthealein.de\/index.php?rest_route=%2Fwp%2Fv2%2Fcomments&post=1022"}],"version-history":[{"count":1,"href":"http:\/\/www.anthealein.de\/index.php?rest_route=\/wp\/v2\/posts\/1022\/revisions"}],"predecessor-version":[{"id":1023,"href":"http:\/\/www.anthealein.de\/index.php?rest_route=\/wp\/v2\/posts\/1022\/revisions\/1023"}],"wp:attachment":[{"href":"http:\/\/www.anthealein.de\/index.php?rest_route=%2Fwp%2Fv2%2Fmedia&parent=1022"}],"wp:term":[{"taxonomy":"category","embeddable":true,"href":"http:\/\/www.anthealein.de\/index.php?rest_route=%2Fwp%2Fv2%2Fcategories&post=1022"},{"taxonomy":"post_tag","embeddable":true,"href":"http:\/\/www.anthealein.de\/index.php?rest_route=%2Fwp%2Fv2%2Ftags&post=1022"}],"curies":[{"name":"wp","href":"https:\/\/api.w.org\/{rel}","templated":true}]}}