{"id":1008,"date":"2010-02-02T21:11:14","date_gmt":"2010-02-02T20:11:14","guid":{"rendered":"http:\/\/www.anthealein.de\/?p=1008"},"modified":"2010-02-02T21:31:59","modified_gmt":"2010-02-02T20:31:59","slug":"differenzierungsprobe-die-zweite","status":"publish","type":"post","link":"http:\/\/www.anthealein.de\/?p=1008","title":{"rendered":"Differenzierungsprobe die Zweite"},"content":{"rendered":"<p>Heute hatten wir also das Gespr\u00e4ch mit Janas Kinderg\u00e4rtnerin \u00fcber die Differenzierungsprobe. Zeichen nachmalen hat sie sehr gut gemacht, Janas Kinderg\u00e4rtnerin hob hervor, das Jana oben links auf dem Blatt angefangen hat zu schreiben w\u00e4hrend die meisten Kinder mitten auf dem Blatt anfangen w\u00fcrden (und das auch noch d\u00fcrfen). Nur das S hatte sie wie immer spiegelverkehrt gemalt (dito).\u00a0 Die anderen Aufgaben einwandfrei erledigt, nur eine Aufgabe muss im April\/Mai noch mal durchgef\u00fchrt werden.<\/p>\n<p>Die Kinder bekamen 2 Bilder gezeigt mit den jeweiligen W\u00f6rtern dazu, die sich auch noch reimten (Kopf\/Topf z.B.) und mussten auf das richtige Bild zeigen. Nun kam da auch Kamm\/Kahn und das konnte Jana nicht. 1. kam jemand rein und hat sie dadurch evtl. verwirrt, 2. kannte sie das Wort Kahn nicht (und so wie ich sie kenne hat sie im Kopf bestimmt hin und her \u00fcberlegt wieso Kahn wenn es doch ein Boot ist). Statt dann zu denken, ok links ist der Kamm, also wird das rechts der Kahn sein, musste sie die Aufgabe also leider ungel\u00f6st lassen. Das war aber nur der H\u00f6rtestteil, mal sehen wie der im Mai dann wird.<\/p>\n<p>Au\u00dferdem ist Jana noch sehr langsam in der Erledigung der Aufgaben die sie spielerisch zur Vorbereitung auf die Schule machen (ja, die spielen inzwischen auch richtig Schule, inkl. einer Glocke *lach*). Da will ihre Kinderg\u00e4rtnerin noch dran arbeiten. Wundert mich angesichts meiner ersten Zeugnisse (\u201cKarin erledigt ihre Aufgaben sorgf\u00e4ltig, aber noch nicht in der vorgegebenen Zeit\u201d etc.) aber \u00fcberhaupt nicht *g*<\/p>\n<p>Erledigungstechnisch bin ich dank dem Wetter momentan der totale Looser und ich sehe es schon kommen, das ich wieder weder mein Patenkind noch meinen Ex-Kollegen schaffen werde. Mal sehen, wann ich den ganzen Geburtstagskram eingekauft bekomme :shock_tb:<\/p>\n<p><a href=\"http:\/\/www.anthealein.de\/wp-content\/uploads\/2010\/02\/02022010.jpg\"><img loading=\"lazy\" decoding=\"async\" style=\"border-bottom: 0px; border-left: 0px; display: block; float: none; margin-left: auto; border-top: 0px; margin-right: auto; border-right: 0px\" title=\"02022010\" src=\"http:\/\/www.anthealein.de\/wp-content\/uploads\/2010\/02\/02022010-thumb.jpg\" border=\"0\" alt=\"02022010\" width=\"504\" height=\"504\" \/><\/a><\/p>\n","protected":false},"excerpt":{"rendered":"<p>Heute hatten wir also das Gespr\u00e4ch mit Janas Kinderg\u00e4rtnerin \u00fcber die Differenzierungsprobe. Zeichen nachmalen hat sie sehr gut gemacht, Janas Kinderg\u00e4rtnerin hob hervor, das Jana oben links auf dem Blatt angefangen hat zu schreiben w\u00e4hrend die meisten Kinder mitten auf dem Blatt anfangen w\u00fcrden (und das auch noch d\u00fcrfen). Nur das S hatte sie wie [&hellip;]<\/p>\n","protected":false},"author":1,"featured_media":0,"comment_status":"open","ping_status":"open","sticky":false,"template":"","format":"standard","meta":{"footnotes":""},"categories":[3],"tags":[],"class_list":["post-1008","post","type-post","status-publish","format-standard","hentry","category-alles-mogliche"],"_links":{"self":[{"href":"http:\/\/www.anthealein.de\/index.php?rest_route=\/wp\/v2\/posts\/1008","targetHints":{"allow":["GET"]}}],"collection":[{"href":"http:\/\/www.anthealein.de\/index.php?rest_route=\/wp\/v2\/posts"}],"about":[{"href":"http:\/\/www.anthealein.de\/index.php?rest_route=\/wp\/v2\/types\/post"}],"author":[{"embeddable":true,"href":"http:\/\/www.anthealein.de\/index.php?rest_route=\/wp\/v2\/users\/1"}],"replies":[{"embeddable":true,"href":"http:\/\/www.anthealein.de\/index.php?rest_route=%2Fwp%2Fv2%2Fcomments&post=1008"}],"version-history":[{"count":2,"href":"http:\/\/www.anthealein.de\/index.php?rest_route=\/wp\/v2\/posts\/1008\/revisions"}],"predecessor-version":[{"id":1011,"href":"http:\/\/www.anthealein.de\/index.php?rest_route=\/wp\/v2\/posts\/1008\/revisions\/1011"}],"wp:attachment":[{"href":"http:\/\/www.anthealein.de\/index.php?rest_route=%2Fwp%2Fv2%2Fmedia&parent=1008"}],"wp:term":[{"taxonomy":"category","embeddable":true,"href":"http:\/\/www.anthealein.de\/index.php?rest_route=%2Fwp%2Fv2%2Fcategories&post=1008"},{"taxonomy":"post_tag","embeddable":true,"href":"http:\/\/www.anthealein.de\/index.php?rest_route=%2Fwp%2Fv2%2Ftags&post=1008"}],"curies":[{"name":"wp","href":"https:\/\/api.w.org\/{rel}","templated":true}]}}