{"id":1000,"date":"2010-01-31T20:40:25","date_gmt":"2010-01-31T19:40:25","guid":{"rendered":"http:\/\/www.anthealein.de\/?p=1000"},"modified":"2010-01-31T20:40:25","modified_gmt":"2010-01-31T19:40:25","slug":"ich-hab-nichts-anzuziehen","status":"publish","type":"post","link":"http:\/\/www.anthealein.de\/?p=1000","title":{"rendered":"Ich hab nichts anzuziehen&hellip;"},"content":{"rendered":"<p>\u2026 ist wohl einer der am meisten gesagten S\u00e4tze von uns Frauen. Bei Jana haben wir vor 2 Wochen den Kleiderschrank ausgemistet (jedenfalls die Wintersachen) und den Inhalt des Kleiderschranks deutlich minimiert. Dementsprechend passte es mir gut, als Oma und Opa verk\u00fcndeten mit Jana einkaufen gehen zu wollen und ihr Kleidung zum Geburtstag holen wollten. <\/p>\n<p>Gut und sch\u00f6n, die 3 gingen Freitag shoppen und w\u00e4hrend sie am anprobieren waren, fragte Oma Jana mal, was sie denn noch im Schrank h\u00e4ngen h\u00e4tte. Und was antwortet das kleine Biest? \u201cKeine Ahnung, ist ja immer alles in der W\u00e4sche\u201d *grummelmotzmecker*.&#160; Ich hab Schwiema dann gestern erkl\u00e4ren d\u00fcrfen, das ich wirklich mehr als genug W\u00e4sche wasche in der Woche inkl. Janas Sachen (8-12 Ladungen\/Woche, heute alleine 3 Ladungen mit nur 6 Teilen von Jana dabei) und die W\u00e4sche nicht im W\u00e4schepuff vor sich hin gammelt.&#160; Beweis? Heute morgen fotografiert:<\/p>\n<p align=\"left\"><a href=\"http:\/\/www.anthealein.de\/wp-content\/uploads\/2010\/01\/31012010iii.jpg\"><img loading=\"lazy\" decoding=\"async\" style=\"border-bottom: 0px; border-left: 0px; display: block; float: none; margin-left: auto; border-top: 0px; margin-right: auto; border-right: 0px\" title=\"31012010III\" border=\"0\" alt=\"31012010III\" src=\"http:\/\/www.anthealein.de\/wp-content\/uploads\/2010\/01\/31012010iii-thumb.jpg\" width=\"504\" height=\"504\" \/><\/a>Ein wenig zusammengeschrumpft: die Wintersachen.    <\/p>\n<p align=\"left\"><a href=\"http:\/\/www.anthealein.de\/wp-content\/uploads\/2010\/01\/31012010iv.jpg\"><img loading=\"lazy\" decoding=\"async\" style=\"border-bottom: 0px; border-left: 0px; display: block; float: none; margin-left: auto; border-top: 0px; margin-right: auto; border-right: 0px\" title=\"31012010IV\" border=\"0\" alt=\"31012010IV\" src=\"http:\/\/www.anthealein.de\/wp-content\/uploads\/2010\/01\/31012010iv-thumb.jpg\" width=\"504\" height=\"504\" \/><\/a>Wetten, das der Zwerg im Sommer st\u00f6hnen wird, das sie nichts anzuziehen h\u00e4tte?<\/p>\n<p>Jana, Chris, Peter und Anna waren heute Schlitten fahren (w\u00e4hrend ich mich mit der anscheinend wieder zahnenden Lena \u201cvergn\u00fcgen\u201d durfte) und dabei sind die beiden Bilder entstanden:<\/p>\n<p align=\"center\"><a href=\"http:\/\/www.anthealein.de\/wp-content\/uploads\/2010\/01\/31012010.jpg\"><img loading=\"lazy\" decoding=\"async\" style=\"border-bottom: 0px; border-left: 0px; display: inline; border-top: 0px; border-right: 0px\" title=\"31012010\" border=\"0\" alt=\"31012010\" src=\"http:\/\/www.anthealein.de\/wp-content\/uploads\/2010\/01\/31012010-thumb.jpg\" width=\"504\" height=\"504\" \/><\/a> <\/p>\n<p align=\"center\"><a href=\"http:\/\/www.anthealein.de\/wp-content\/uploads\/2010\/01\/31012010ii.jpg\"><img loading=\"lazy\" decoding=\"async\" style=\"border-bottom: 0px; border-left: 0px; display: inline; border-top: 0px; border-right: 0px\" title=\"31012010II\" border=\"0\" alt=\"31012010II\" src=\"http:\/\/www.anthealein.de\/wp-content\/uploads\/2010\/01\/31012010ii-thumb.jpg\" width=\"504\" height=\"504\" \/><\/a>&#160; <\/p>\n<p align=\"left\">Und aus aktuellem Anlass muss ich dieses alte Layout von mir mal wieder posten. In Gedanken bin ich bei dir, S\u00fc\u00dfe *knuddel*<\/p>\n<p align=\"center\"><a href=\"http:\/\/www.anthealein.de\/wp-content\/uploads\/2010\/01\/life5.jpg\"><img loading=\"lazy\" decoding=\"async\" style=\"border-bottom: 0px; border-left: 0px; display: block; float: none; margin-left: auto; border-top: 0px; margin-right: auto; border-right: 0px\" title=\"life5\" border=\"0\" alt=\"life5\" src=\"http:\/\/www.anthealein.de\/wp-content\/uploads\/2010\/01\/life5-thumb.jpg\" width=\"504\" height=\"504\" \/><\/a><\/p>\n","protected":false},"excerpt":{"rendered":"<p>\u2026 ist wohl einer der am meisten gesagten S\u00e4tze von uns Frauen. Bei Jana haben wir vor 2 Wochen den Kleiderschrank ausgemistet (jedenfalls die Wintersachen) und den Inhalt des Kleiderschranks deutlich minimiert. Dementsprechend passte es mir gut, als Oma und Opa verk\u00fcndeten mit Jana einkaufen gehen zu wollen und ihr Kleidung zum Geburtstag holen wollten. [&hellip;]<\/p>\n","protected":false},"author":1,"featured_media":0,"comment_status":"open","ping_status":"open","sticky":false,"template":"","format":"standard","meta":{"footnotes":""},"categories":[3],"tags":[],"class_list":["post-1000","post","type-post","status-publish","format-standard","hentry","category-alles-mogliche"],"_links":{"self":[{"href":"http:\/\/www.anthealein.de\/index.php?rest_route=\/wp\/v2\/posts\/1000","targetHints":{"allow":["GET"]}}],"collection":[{"href":"http:\/\/www.anthealein.de\/index.php?rest_route=\/wp\/v2\/posts"}],"about":[{"href":"http:\/\/www.anthealein.de\/index.php?rest_route=\/wp\/v2\/types\/post"}],"author":[{"embeddable":true,"href":"http:\/\/www.anthealein.de\/index.php?rest_route=\/wp\/v2\/users\/1"}],"replies":[{"embeddable":true,"href":"http:\/\/www.anthealein.de\/index.php?rest_route=%2Fwp%2Fv2%2Fcomments&post=1000"}],"version-history":[{"count":0,"href":"http:\/\/www.anthealein.de\/index.php?rest_route=\/wp\/v2\/posts\/1000\/revisions"}],"wp:attachment":[{"href":"http:\/\/www.anthealein.de\/index.php?rest_route=%2Fwp%2Fv2%2Fmedia&parent=1000"}],"wp:term":[{"taxonomy":"category","embeddable":true,"href":"http:\/\/www.anthealein.de\/index.php?rest_route=%2Fwp%2Fv2%2Fcategories&post=1000"},{"taxonomy":"post_tag","embeddable":true,"href":"http:\/\/www.anthealein.de\/index.php?rest_route=%2Fwp%2Fv2%2Ftags&post=1000"}],"curies":[{"name":"wp","href":"https:\/\/api.w.org\/{rel}","templated":true}]}}